{"id":10485,"date":"2021-07-12T18:34:29","date_gmt":"2021-07-12T16:34:29","guid":{"rendered":"https:\/\/olivamorosicristians.es\/?p=10485"},"modified":"2021-07-12T18:58:07","modified_gmt":"2021-07-12T16:58:07","slug":"contacontes-infantil-parc-de-lestacio","status":"publish","type":"post","link":"https:\/\/olivamorosicristians.es\/es\/contacontes-infantil-parc-de-lestacio\/","title":{"rendered":"Contacontes Infantil Parc de l&#8217;Estaci\u00f3"},"content":{"rendered":"<p>Continuem amb les activitats per a la setmana de Festes!<br \/>\nEn aquesta ocasi\u00f3 dirigida als m\u00e9s menuts, perqu\u00e8 gaudisquen d&#8217;un espectacle cultural relacionat amb la nostra festa.<\/p>\n<p>Tindr\u00e0 lloc el dijous 15 de juliol a les 20.00 h. al parc de l&#8217;Estaci\u00f3.<br \/>\nEs tracta d&#8217;una contacontes i marionetista amb l&#8217;obra: \u00abVida i miracles de Jaume I i les seues valeroses dames\u00bb. Narra la vida del rei Jaume I El Conqueridor i les conquestes que van forjar els fonaments de la nostra terra. Inclou contes de factura pr\u00f2pia narrant les aventures de tres dones que van acompanyar a tan magna figura. Un relat de valents guerrers i guerreres.<\/p>\n<p>Per a assistir cal enregistrar-se en aquest <strong><a href=\"https:\/\/forms.gle\/iFxB1DG96wvXDRiY7\">enlla\u00e7<\/a><\/strong> (protocol Covid-19)<\/p>\n<p>Esperem que ho gaudiu en fam\u00edlia, menuts i no tan menuts!<\/p>\n<p><img decoding=\"async\" src=\"data:image\/gif;base64,R0lGODlhAQABAIAAAAAAAP\/\/\/yH5BAEAAAAALAAAAAABAAEAAAIBRAA7\" alt=\"\ud83d\udde1\ufe0f\"><img decoding=\"async\" src=\"data:image\/gif;base64,R0lGODlhAQABAIAAAAAAAP\/\/\/yH5BAEAAAAALAAAAAABAAEAAAIBRAA7\" alt=\"\ud83d\udde1\ufe0f\"><\/p>","protected":false},"excerpt":{"rendered":"<p>Continuem amb les activitats per a la setmana de Festes! En aquesta ocasi\u00f3 dirigida als m\u00e9s menuts, perqu\u00e8 gaudisquen d&#8217;un espectacle cultural relacionat amb la nostra festa. Tindr\u00e0 lloc el dijous 15 de juliol a les 20.00 h. al parc de l&#8217;Estaci\u00f3. Es tracta d&#8217;una contacontes i marionetista amb l&#8217;obra: \u00abVida i miracles de Jaume [&hellip;]<\/p>\n","protected":false},"author":1,"featured_media":10502,"comment_status":"closed","ping_status":"open","sticky":false,"template":"","format":"standard","meta":{"jetpack_post_was_ever_published":false,"_jetpack_newsletter_access":"","_jetpack_dont_email_post_to_subs":false,"_jetpack_newsletter_tier_id":0,"_jetpack_memberships_contains_paywalled_content":false,"_jetpack_memberships_contains_paid_content":false,"footnotes":"","jetpack_publicize_message":"","jetpack_publicize_feature_enabled":true,"jetpack_social_post_already_shared":true,"jetpack_social_options":{"image_generator_settings":{"template":"highway","default_image_id":0,"font":"","enabled":false},"version":2}},"categories":[3],"tags":[],"class_list":["post-10485","post","type-post","status-publish","format-standard","has-post-thumbnail","hentry","category-entreteniment"],"yoast_head":"<!-- This site is optimized with the Yoast SEO plugin v27.5 - https:\/\/yoast.com\/product\/yoast-seo-wordpress\/ -->\n<title>Contacontes Infantil Parc de l&#039;Estaci\u00f3 - Moros i Cristians Oliva<\/title>\n<meta name=\"robots\" content=\"index, follow, max-snippet:-1, max-image-preview:large, max-video-preview:-1\" \/>\n<link rel=\"canonical\" href=\"https:\/\/olivamorosicristians.es\/es\/contacontes-infantil-parc-de-lestacio\/\" \/>\n<meta property=\"og:locale\" content=\"es_ES\" \/>\n<meta property=\"og:type\" content=\"article\" \/>\n<meta property=\"og:title\" content=\"Contacontes Infantil Parc de l&#039;Estaci\u00f3 - Moros i Cristians Oliva\" \/>\n<meta property=\"og:description\" content=\"Continuem amb les activitats per a la setmana de Festes! En aquesta ocasi\u00f3 dirigida als m\u00e9s menuts, perqu\u00e8 gaudisquen d&#8217;un espectacle cultural relacionat amb la nostra festa. Tindr\u00e0 lloc el dijous 15 de juliol a les 20.00 h. al parc de l&#8217;Estaci\u00f3. Es tracta d&#8217;una contacontes i marionetista amb l&#8217;obra: \u00abVida i miracles de Jaume [&hellip;]\" \/>\n<meta property=\"og:url\" content=\"https:\/\/olivamorosicristians.es\/es\/contacontes-infantil-parc-de-lestacio\/\" \/>\n<meta property=\"og:site_name\" content=\"Moros i Cristians Oliva\" \/>\n<meta property=\"article:publisher\" content=\"https:\/\/www.facebook.com\/federaciodemorosicristiansdoliva\/\" \/>\n<meta property=\"article:author\" content=\"https:\/\/www.facebook.com\/federaciodemorosicristiansdoliva\" \/>\n<meta property=\"article:published_time\" content=\"2021-07-12T16:34:29+00:00\" \/>\n<meta property=\"article:modified_time\" content=\"2021-07-12T16:58:07+00:00\" \/>\n<meta property=\"og:image\" content=\"https:\/\/i2.wp.com\/olivamorosicristians.es\/wp-content\/uploads\/2021\/07\/Logo-infantils.jpeg?fit=1131%2C762&ssl=1\" \/>\n\t<meta property=\"og:image:width\" content=\"1131\" \/>\n\t<meta property=\"og:image:height\" content=\"762\" \/>\n\t<meta property=\"og:image:type\" content=\"image\/jpeg\" \/>\n<meta name=\"author\" content=\"Webmaster\" \/>\n<meta name=\"twitter:card\" content=\"summary_large_image\" \/>\n<meta name=\"twitter:label1\" content=\"Escrito por\" \/>\n\t<meta name=\"twitter:data1\" content=\"Webmaster\" \/>\n\t<meta name=\"twitter:label2\" content=\"Tiempo de lectura\" \/>\n\t<meta name=\"twitter:data2\" content=\"1 minuto\" \/>\n<script type=\"application\/ld+json\" class=\"yoast-schema-graph\">{\"@context\":\"https:\\\/\\\/schema.org\",\"@graph\":[{\"@type\":\"Article\",\"@id\":\"https:\\\/\\\/olivamorosicristians.es\\\/contacontes-infantil-parc-de-lestacio\\\/#article\",\"isPartOf\":{\"@id\":\"https:\\\/\\\/olivamorosicristians.es\\\/contacontes-infantil-parc-de-lestacio\\\/\"},\"author\":{\"name\":\"Webmaster\",\"@id\":\"https:\\\/\\\/olivamorosicristians.es\\\/#\\\/schema\\\/person\\\/21ece052d8816103cad91a2676fd0149\"},\"headline\":\"Contacontes Infantil Parc de l&#8217;Estaci\u00f3\",\"datePublished\":\"2021-07-12T16:34:29+00:00\",\"dateModified\":\"2021-07-12T16:58:07+00:00\",\"mainEntityOfPage\":{\"@id\":\"https:\\\/\\\/olivamorosicristians.es\\\/contacontes-infantil-parc-de-lestacio\\\/\"},\"wordCount\":139,\"publisher\":{\"@id\":\"https:\\\/\\\/olivamorosicristians.es\\\/#organization\"},\"image\":{\"@id\":\"https:\\\/\\\/olivamorosicristians.es\\\/contacontes-infantil-parc-de-lestacio\\\/#primaryimage\"},\"thumbnailUrl\":\"https:\\\/\\\/i0.wp.com\\\/olivamorosicristians.es\\\/wp-content\\\/uploads\\\/2021\\\/07\\\/Logo-infantils.jpeg?fit=1131%2C762&ssl=1\",\"articleSection\":[\"Entreteniment\"],\"inLanguage\":\"es\"},{\"@type\":\"WebPage\",\"@id\":\"https:\\\/\\\/olivamorosicristians.es\\\/contacontes-infantil-parc-de-lestacio\\\/\",\"url\":\"https:\\\/\\\/olivamorosicristians.es\\\/contacontes-infantil-parc-de-lestacio\\\/\",\"name\":\"Contacontes Infantil Parc de l'Estaci\u00f3 - Moros i Cristians Oliva\",\"isPartOf\":{\"@id\":\"https:\\\/\\\/olivamorosicristians.es\\\/#website\"},\"primaryImageOfPage\":{\"@id\":\"https:\\\/\\\/olivamorosicristians.es\\\/contacontes-infantil-parc-de-lestacio\\\/#primaryimage\"},\"image\":{\"@id\":\"https:\\\/\\\/olivamorosicristians.es\\\/contacontes-infantil-parc-de-lestacio\\\/#primaryimage\"},\"thumbnailUrl\":\"https:\\\/\\\/i0.wp.com\\\/olivamorosicristians.es\\\/wp-content\\\/uploads\\\/2021\\\/07\\\/Logo-infantils.jpeg?fit=1131%2C762&ssl=1\",\"datePublished\":\"2021-07-12T16:34:29+00:00\",\"dateModified\":\"2021-07-12T16:58:07+00:00\",\"breadcrumb\":{\"@id\":\"https:\\\/\\\/olivamorosicristians.es\\\/contacontes-infantil-parc-de-lestacio\\\/#breadcrumb\"},\"inLanguage\":\"es\",\"potentialAction\":[{\"@type\":\"ReadAction\",\"target\":[\"https:\\\/\\\/olivamorosicristians.es\\\/contacontes-infantil-parc-de-lestacio\\\/\"]}]},{\"@type\":\"ImageObject\",\"inLanguage\":\"es\",\"@id\":\"https:\\\/\\\/olivamorosicristians.es\\\/contacontes-infantil-parc-de-lestacio\\\/#primaryimage\",\"url\":\"https:\\\/\\\/i0.wp.com\\\/olivamorosicristians.es\\\/wp-content\\\/uploads\\\/2021\\\/07\\\/Logo-infantils.jpeg?fit=1131%2C762&ssl=1\",\"contentUrl\":\"https:\\\/\\\/i0.wp.com\\\/olivamorosicristians.es\\\/wp-content\\\/uploads\\\/2021\\\/07\\\/Logo-infantils.jpeg?fit=1131%2C762&ssl=1\",\"width\":1131,\"height\":762},{\"@type\":\"BreadcrumbList\",\"@id\":\"https:\\\/\\\/olivamorosicristians.es\\\/contacontes-infantil-parc-de-lestacio\\\/#breadcrumb\",\"itemListElement\":[{\"@type\":\"ListItem\",\"position\":1,\"name\":\"Portada\",\"item\":\"https:\\\/\\\/olivamorosicristians.es\\\/\"},{\"@type\":\"ListItem\",\"position\":2,\"name\":\"Contacontes Infantil Parc de l&#8217;Estaci\u00f3\"}]},{\"@type\":\"WebSite\",\"@id\":\"https:\\\/\\\/olivamorosicristians.es\\\/#website\",\"url\":\"https:\\\/\\\/olivamorosicristians.es\\\/\",\"name\":\"Moros i Cristians Oliva\",\"description\":\"FMCO\",\"publisher\":{\"@id\":\"https:\\\/\\\/olivamorosicristians.es\\\/#organization\"},\"potentialAction\":[{\"@type\":\"SearchAction\",\"target\":{\"@type\":\"EntryPoint\",\"urlTemplate\":\"https:\\\/\\\/olivamorosicristians.es\\\/?s={search_term_string}\"},\"query-input\":{\"@type\":\"PropertyValueSpecification\",\"valueRequired\":true,\"valueName\":\"search_term_string\"}}],\"inLanguage\":\"es\"},{\"@type\":\"Organization\",\"@id\":\"https:\\\/\\\/olivamorosicristians.es\\\/#organization\",\"name\":\"Federaci\u00f3 de Moros i Cristians - Oliva\",\"url\":\"https:\\\/\\\/olivamorosicristians.es\\\/\",\"logo\":{\"@type\":\"ImageObject\",\"inLanguage\":\"es\",\"@id\":\"https:\\\/\\\/olivamorosicristians.es\\\/#\\\/schema\\\/logo\\\/image\\\/\",\"url\":\"https:\\\/\\\/i2.wp.com\\\/olivamorosicristians.es\\\/wp-content\\\/uploads\\\/2018\\\/06\\\/Icon_FMiCO.png?fit=50%2C50&ssl=1\",\"contentUrl\":\"https:\\\/\\\/i2.wp.com\\\/olivamorosicristians.es\\\/wp-content\\\/uploads\\\/2018\\\/06\\\/Icon_FMiCO.png?fit=50%2C50&ssl=1\",\"width\":50,\"height\":50,\"caption\":\"Federaci\u00f3 de Moros i Cristians - Oliva\"},\"image\":{\"@id\":\"https:\\\/\\\/olivamorosicristians.es\\\/#\\\/schema\\\/logo\\\/image\\\/\"},\"sameAs\":[\"https:\\\/\\\/www.facebook.com\\\/federaciodemorosicristiansdoliva\\\/\",\"https:\\\/\\\/www.instagram.com\\\/morosicristiansoliva\\\/?hl=es\"]},{\"@type\":\"Person\",\"@id\":\"https:\\\/\\\/olivamorosicristians.es\\\/#\\\/schema\\\/person\\\/21ece052d8816103cad91a2676fd0149\",\"name\":\"Webmaster\",\"image\":{\"@type\":\"ImageObject\",\"inLanguage\":\"es\",\"@id\":\"https:\\\/\\\/secure.gravatar.com\\\/avatar\\\/18de20f14d74abe0c800b423a8b0e24cae6153cb6baeb2c2df80e1cef2117e0d?s=96&d=mm&r=g\",\"url\":\"https:\\\/\\\/secure.gravatar.com\\\/avatar\\\/18de20f14d74abe0c800b423a8b0e24cae6153cb6baeb2c2df80e1cef2117e0d?s=96&d=mm&r=g\",\"contentUrl\":\"https:\\\/\\\/secure.gravatar.com\\\/avatar\\\/18de20f14d74abe0c800b423a8b0e24cae6153cb6baeb2c2df80e1cef2117e0d?s=96&d=mm&r=g\",\"caption\":\"Webmaster\"},\"sameAs\":[\"https:\\\/\\\/www.facebook.com\\\/federaciodemorosicristiansdoliva\",\"https:\\\/\\\/www.instagram.com\\\/morosicristiansoliva\\\/\"]}]}<\/script>\n<!-- \/ Yoast SEO plugin. -->","yoast_head_json":{"title":"Contacontes Infantil Parc de l'Estaci\u00f3 - Moros i Cristians Oliva","robots":{"index":"index","follow":"follow","max-snippet":"max-snippet:-1","max-image-preview":"max-image-preview:large","max-video-preview":"max-video-preview:-1"},"canonical":"https:\/\/olivamorosicristians.es\/es\/contacontes-infantil-parc-de-lestacio\/","og_locale":"es_ES","og_type":"article","og_title":"Contacontes Infantil Parc de l'Estaci\u00f3 - Moros i Cristians Oliva","og_description":"Continuem amb les activitats per a la setmana de Festes! En aquesta ocasi\u00f3 dirigida als m\u00e9s menuts, perqu\u00e8 gaudisquen d&#8217;un espectacle cultural relacionat amb la nostra festa. Tindr\u00e0 lloc el dijous 15 de juliol a les 20.00 h. al parc de l&#8217;Estaci\u00f3. Es tracta d&#8217;una contacontes i marionetista amb l&#8217;obra: \u00abVida i miracles de Jaume [&hellip;]","og_url":"https:\/\/olivamorosicristians.es\/es\/contacontes-infantil-parc-de-lestacio\/","og_site_name":"Moros i Cristians Oliva","article_publisher":"https:\/\/www.facebook.com\/federaciodemorosicristiansdoliva\/","article_author":"https:\/\/www.facebook.com\/federaciodemorosicristiansdoliva","article_published_time":"2021-07-12T16:34:29+00:00","article_modified_time":"2021-07-12T16:58:07+00:00","og_image":[{"width":1131,"height":762,"url":"https:\/\/i2.wp.com\/olivamorosicristians.es\/wp-content\/uploads\/2021\/07\/Logo-infantils.jpeg?fit=1131%2C762&ssl=1","type":"image\/jpeg"}],"author":"Webmaster","twitter_card":"summary_large_image","twitter_misc":{"Escrito por":"Webmaster","Tiempo de lectura":"1 minuto"},"schema":{"@context":"https:\/\/schema.org","@graph":[{"@type":"Article","@id":"https:\/\/olivamorosicristians.es\/contacontes-infantil-parc-de-lestacio\/#article","isPartOf":{"@id":"https:\/\/olivamorosicristians.es\/contacontes-infantil-parc-de-lestacio\/"},"author":{"name":"Webmaster","@id":"https:\/\/olivamorosicristians.es\/#\/schema\/person\/21ece052d8816103cad91a2676fd0149"},"headline":"Contacontes Infantil Parc de l&#8217;Estaci\u00f3","datePublished":"2021-07-12T16:34:29+00:00","dateModified":"2021-07-12T16:58:07+00:00","mainEntityOfPage":{"@id":"https:\/\/olivamorosicristians.es\/contacontes-infantil-parc-de-lestacio\/"},"wordCount":139,"publisher":{"@id":"https:\/\/olivamorosicristians.es\/#organization"},"image":{"@id":"https:\/\/olivamorosicristians.es\/contacontes-infantil-parc-de-lestacio\/#primaryimage"},"thumbnailUrl":"https:\/\/i0.wp.com\/olivamorosicristians.es\/wp-content\/uploads\/2021\/07\/Logo-infantils.jpeg?fit=1131%2C762&ssl=1","articleSection":["Entreteniment"],"inLanguage":"es"},{"@type":"WebPage","@id":"https:\/\/olivamorosicristians.es\/contacontes-infantil-parc-de-lestacio\/","url":"https:\/\/olivamorosicristians.es\/contacontes-infantil-parc-de-lestacio\/","name":"Contacontes Infantil Parc de l'Estaci\u00f3 - Moros i Cristians Oliva","isPartOf":{"@id":"https:\/\/olivamorosicristians.es\/#website"},"primaryImageOfPage":{"@id":"https:\/\/olivamorosicristians.es\/contacontes-infantil-parc-de-lestacio\/#primaryimage"},"image":{"@id":"https:\/\/olivamorosicristians.es\/contacontes-infantil-parc-de-lestacio\/#primaryimage"},"thumbnailUrl":"https:\/\/i0.wp.com\/olivamorosicristians.es\/wp-content\/uploads\/2021\/07\/Logo-infantils.jpeg?fit=1131%2C762&ssl=1","datePublished":"2021-07-12T16:34:29+00:00","dateModified":"2021-07-12T16:58:07+00:00","breadcrumb":{"@id":"https:\/\/olivamorosicristians.es\/contacontes-infantil-parc-de-lestacio\/#breadcrumb"},"inLanguage":"es","potentialAction":[{"@type":"ReadAction","target":["https:\/\/olivamorosicristians.es\/contacontes-infantil-parc-de-lestacio\/"]}]},{"@type":"ImageObject","inLanguage":"es","@id":"https:\/\/olivamorosicristians.es\/contacontes-infantil-parc-de-lestacio\/#primaryimage","url":"https:\/\/i0.wp.com\/olivamorosicristians.es\/wp-content\/uploads\/2021\/07\/Logo-infantils.jpeg?fit=1131%2C762&ssl=1","contentUrl":"https:\/\/i0.wp.com\/olivamorosicristians.es\/wp-content\/uploads\/2021\/07\/Logo-infantils.jpeg?fit=1131%2C762&ssl=1","width":1131,"height":762},{"@type":"BreadcrumbList","@id":"https:\/\/olivamorosicristians.es\/contacontes-infantil-parc-de-lestacio\/#breadcrumb","itemListElement":[{"@type":"ListItem","position":1,"name":"Portada","item":"https:\/\/olivamorosicristians.es\/"},{"@type":"ListItem","position":2,"name":"Contacontes Infantil Parc de l&#8217;Estaci\u00f3"}]},{"@type":"WebSite","@id":"https:\/\/olivamorosicristians.es\/#website","url":"https:\/\/olivamorosicristians.es\/","name":"Moros i Cristians Oliva","description":"FMCO","publisher":{"@id":"https:\/\/olivamorosicristians.es\/#organization"},"potentialAction":[{"@type":"SearchAction","target":{"@type":"EntryPoint","urlTemplate":"https:\/\/olivamorosicristians.es\/?s={search_term_string}"},"query-input":{"@type":"PropertyValueSpecification","valueRequired":true,"valueName":"search_term_string"}}],"inLanguage":"es"},{"@type":"Organization","@id":"https:\/\/olivamorosicristians.es\/#organization","name":"La Federaci\u00f3n de Moros y Cristianos de Oliva","url":"https:\/\/olivamorosicristians.es\/","logo":{"@type":"ImageObject","inLanguage":"es","@id":"https:\/\/olivamorosicristians.es\/#\/schema\/logo\/image\/","url":"https:\/\/i2.wp.com\/olivamorosicristians.es\/wp-content\/uploads\/2018\/06\/Icon_FMiCO.png?fit=50%2C50&ssl=1","contentUrl":"https:\/\/i2.wp.com\/olivamorosicristians.es\/wp-content\/uploads\/2018\/06\/Icon_FMiCO.png?fit=50%2C50&ssl=1","width":50,"height":50,"caption":"Federaci\u00f3 de Moros i Cristians - Oliva"},"image":{"@id":"https:\/\/olivamorosicristians.es\/#\/schema\/logo\/image\/"},"sameAs":["https:\/\/www.facebook.com\/federaciodemorosicristiansdoliva\/","https:\/\/www.instagram.com\/morosicristiansoliva\/?hl=es"]},{"@type":"Person","@id":"https:\/\/olivamorosicristians.es\/#\/schema\/person\/21ece052d8816103cad91a2676fd0149","name":"Webmaster","image":{"@type":"ImageObject","inLanguage":"es","@id":"https:\/\/secure.gravatar.com\/avatar\/18de20f14d74abe0c800b423a8b0e24cae6153cb6baeb2c2df80e1cef2117e0d?s=96&d=mm&r=g","url":"https:\/\/secure.gravatar.com\/avatar\/18de20f14d74abe0c800b423a8b0e24cae6153cb6baeb2c2df80e1cef2117e0d?s=96&d=mm&r=g","contentUrl":"https:\/\/secure.gravatar.com\/avatar\/18de20f14d74abe0c800b423a8b0e24cae6153cb6baeb2c2df80e1cef2117e0d?s=96&d=mm&r=g","caption":"Webmaster"},"sameAs":["https:\/\/www.facebook.com\/federaciodemorosicristiansdoliva","https:\/\/www.instagram.com\/morosicristiansoliva\/"]}]}},"jetpack_publicize_connections":[],"jetpack_featured_media_url":"https:\/\/i0.wp.com\/olivamorosicristians.es\/wp-content\/uploads\/2021\/07\/Logo-infantils.jpeg?fit=1131%2C762&ssl=1","jetpack_sharing_enabled":true,"jetpack_shortlink":"https:\/\/wp.me\/pagEx6-2J7","jetpack-related-posts":[],"_links":{"self":[{"href":"https:\/\/olivamorosicristians.es\/es\/wp-json\/wp\/v2\/posts\/10485","targetHints":{"allow":["GET"]}}],"collection":[{"href":"https:\/\/olivamorosicristians.es\/es\/wp-json\/wp\/v2\/posts"}],"about":[{"href":"https:\/\/olivamorosicristians.es\/es\/wp-json\/wp\/v2\/types\/post"}],"author":[{"embeddable":true,"href":"https:\/\/olivamorosicristians.es\/es\/wp-json\/wp\/v2\/users\/1"}],"replies":[{"embeddable":true,"href":"https:\/\/olivamorosicristians.es\/es\/wp-json\/wp\/v2\/comments?post=10485"}],"version-history":[{"count":5,"href":"https:\/\/olivamorosicristians.es\/es\/wp-json\/wp\/v2\/posts\/10485\/revisions"}],"predecessor-version":[{"id":10504,"href":"https:\/\/olivamorosicristians.es\/es\/wp-json\/wp\/v2\/posts\/10485\/revisions\/10504"}],"wp:featuredmedia":[{"embeddable":true,"href":"https:\/\/olivamorosicristians.es\/es\/wp-json\/wp\/v2\/media\/10502"}],"wp:attachment":[{"href":"https:\/\/olivamorosicristians.es\/es\/wp-json\/wp\/v2\/media?parent=10485"}],"wp:term":[{"taxonomy":"category","embeddable":true,"href":"https:\/\/olivamorosicristians.es\/es\/wp-json\/wp\/v2\/categories?post=10485"},{"taxonomy":"post_tag","embeddable":true,"href":"https:\/\/olivamorosicristians.es\/es\/wp-json\/wp\/v2\/tags?post=10485"}],"curies":[{"name":"wp","href":"https:\/\/api.w.org\/{rel}","templated":true}]}}