{"id":10467,"date":"2021-07-01T10:43:36","date_gmt":"2021-07-01T08:43:36","guid":{"rendered":"https:\/\/olivamorosicristians.es\/?p=10467"},"modified":"2021-07-01T10:55:59","modified_gmt":"2021-07-01T08:55:59","slug":"comunicat-oficial-moros-i-cristians-doliva-2","status":"publish","type":"post","link":"https:\/\/olivamorosicristians.es\/es\/comunicat-oficial-moros-i-cristians-doliva-2\/","title":{"rendered":"Comunicat Oficial Moros i Cristians d\u2019Oliva"},"content":{"rendered":"<h5><strong>Es suspenen les Festes de Moros i Cristians d\u2019Oliva 2021<\/strong><\/h5>\n\n\n<p>La Federaci\u00f3 de Moros i Cristians d\u2019Oliva informa que:&nbsp;<\/p>\n\n\n\n<p>Les normatives sanit\u00e0ries del Govern d\u2019Espanya i de la Generalitat Valenciana per fer front a la pand\u00e8mia de la Covid-19, tot i la millora de la situaci\u00f3 epidemiol\u00f2gica del pa\u00eds, continuen sent restrictives per a les celebracions que comporten la reuni\u00f3 d\u2019un gran nombre de persones.&nbsp;<\/p>\n\n\n\n<p>Concretament, <strong>les celebracions festives no estan autoritzades<\/strong>, ja que generarien massificacions que impossibilitarien el manteniment de les mesures sanit\u00e0ries encara vigents.<\/p>\n\n\n\n<p>Ateses aquestes circumst\u00e0ncies normatives i sanit\u00e0ries, la Junta de la Federaci\u00f3 de Moros i Cristians d\u2019Oliva va proposar la suspensi\u00f3 de les Festes de 2021 a l\u2019<strong>Assemblea General Ordin\u00e0ria<\/strong>, celebrada el 27 de juny de 2021 al Centre Polivalent d\u2019Oliva. Aquesta, <strong>per unanimitat, va acordar la suspensi\u00f3.<\/strong><\/p>\n\n\n\n<p>Aix\u00ed les coses, fem p\u00fablic aquest acord un\u00e0nime i informem que <strong>les capitanies de 2020 <\/strong>(que havien passat autom\u00e0ticament a ser les d\u2019unes hipot\u00e8tiques festes en 2021) <strong>seran les capitanies de 2022<\/strong>. Per tant, les filades Taifes i Masers ostentaran c\u00e0rrec per al pr\u00f2xim any.&nbsp;<\/p>\n\n\n\n<p>Donat que l\u2019activitat cultural i l\u00fadica recobra espai progressivament, la Junta de la Federaci\u00f3 de Moros i Cristians d\u2019Oliva, amb la participaci\u00f3 de la Comissi\u00f3 de Presidents de les Filades, i amb la col\u00b7laboraci\u00f3 de l\u2019Ajuntament d\u2019Oliva, <strong>prepara un conjunt d\u2019activitat per dur-les a terme la segon i tercer setmana de juliol.<\/strong> D\u2019aquestes activitats s\u2019informar\u00e0 amb detall en les pr\u00f2ximes setmanes.&nbsp;<\/p>\n\n\n\n<p>La Junta de la Federaci\u00f3 de Moros i Cristians d\u2019Oliva vol enviar un missatge <strong>d\u2019\u00e0nims a tot el col\u00b7lectiu fester<\/strong>, i una abra\u00e7ada molt especial a Susana i Manolo (capitana i ambaixador moro) i Rosanna i Cristina (capitana i ambaixadora cristianes). Estem m\u00e9s a prop de poder tornar a baixar Loygorri. No hem de perdre l\u2019esperit i gana de Festa.&nbsp;<\/p>\n\n\n\n<p>Demanem <strong>prud\u00e8ncia i paci\u00e8ncia<\/strong> a tots els festers. Cal continuar mantenint les mesures de seguretat especificades per les autoritats sanit\u00e0ries, i ser conscients que continuem patint una pand\u00e8mia.&nbsp;<\/p>\n\n\n\n<p>\u00c0nims a totes i tots. Les Festes de Moros i Cristians d\u2019Oliva tornaran amb la for\u00e7a de sempre. Tornaran a omplir-se els carrers de m\u00fasica, confeti, color, p\u00f3lvora, putxero i germanor.&nbsp; <strong>#TornaremABaixarLoygorri.&nbsp;<\/strong><\/p>","protected":false},"excerpt":{"rendered":"<p>Es suspenen les Festes de Moros i Cristians d\u2019Oliva 2021 La Federaci\u00f3 de Moros i Cristians d\u2019Oliva informa que:&nbsp; Les normatives sanit\u00e0ries del Govern d\u2019Espanya i de la Generalitat Valenciana per fer front a la pand\u00e8mia de la Covid-19, tot i la millora de la situaci\u00f3 epidemiol\u00f2gica del pa\u00eds, continuen sent restrictives per a les [&hellip;]<\/p>\n","protected":false},"author":1,"featured_media":9710,"comment_status":"closed","ping_status":"open","sticky":false,"template":"","format":"standard","meta":{"jetpack_post_was_ever_published":false,"_jetpack_newsletter_access":"","_jetpack_dont_email_post_to_subs":false,"_jetpack_newsletter_tier_id":0,"_jetpack_memberships_contains_paywalled_content":false,"_jetpack_memberships_contains_paid_content":false,"footnotes":"","jetpack_publicize_message":"","jetpack_publicize_feature_enabled":true,"jetpack_social_post_already_shared":true,"jetpack_social_options":{"image_generator_settings":{"template":"highway","default_image_id":0,"font":"","enabled":false},"version":2}},"categories":[2],"tags":[],"class_list":["post-10467","post","type-post","status-publish","format-standard","has-post-thumbnail","hentry","category-federacio"],"yoast_head":"<!-- This site is optimized with the Yoast SEO plugin v27.5 - https:\/\/yoast.com\/product\/yoast-seo-wordpress\/ -->\n<title>Comunicat Oficial Moros i Cristians d\u2019Oliva - Moros i Cristians Oliva<\/title>\n<meta name=\"robots\" content=\"index, follow, max-snippet:-1, max-image-preview:large, max-video-preview:-1\" \/>\n<link rel=\"canonical\" href=\"https:\/\/olivamorosicristians.es\/es\/comunicat-oficial-moros-i-cristians-doliva-2\/\" \/>\n<meta property=\"og:locale\" content=\"es_ES\" \/>\n<meta property=\"og:type\" content=\"article\" \/>\n<meta property=\"og:title\" content=\"Comunicat Oficial Moros i Cristians d\u2019Oliva - Moros i Cristians Oliva\" \/>\n<meta property=\"og:description\" content=\"Es suspenen les Festes de Moros i Cristians d\u2019Oliva 2021 La Federaci\u00f3 de Moros i Cristians d\u2019Oliva informa que:&nbsp; Les normatives sanit\u00e0ries del Govern d\u2019Espanya i de la Generalitat Valenciana per fer front a la pand\u00e8mia de la Covid-19, tot i la millora de la situaci\u00f3 epidemiol\u00f2gica del pa\u00eds, continuen sent restrictives per a les [&hellip;]\" \/>\n<meta property=\"og:url\" content=\"https:\/\/olivamorosicristians.es\/es\/comunicat-oficial-moros-i-cristians-doliva-2\/\" \/>\n<meta property=\"og:site_name\" content=\"Moros i Cristians Oliva\" \/>\n<meta property=\"article:publisher\" content=\"https:\/\/www.facebook.com\/federaciodemorosicristiansdoliva\/\" \/>\n<meta property=\"article:author\" content=\"https:\/\/www.facebook.com\/federaciodemorosicristiansdoliva\" \/>\n<meta property=\"article:published_time\" content=\"2021-07-01T08:43:36+00:00\" \/>\n<meta property=\"article:modified_time\" content=\"2021-07-01T08:55:59+00:00\" \/>\n<meta property=\"og:image\" content=\"https:\/\/i0.wp.com\/olivamorosicristians.es\/wp-content\/uploads\/2020\/04\/Comunicat-Oficial.jpg?fit=960%2C540&ssl=1\" \/>\n\t<meta property=\"og:image:width\" content=\"960\" \/>\n\t<meta property=\"og:image:height\" content=\"540\" \/>\n\t<meta property=\"og:image:type\" content=\"image\/jpeg\" \/>\n<meta name=\"author\" content=\"Webmaster\" \/>\n<meta name=\"twitter:card\" content=\"summary_large_image\" \/>\n<meta name=\"twitter:label1\" content=\"Escrito por\" \/>\n\t<meta name=\"twitter:data1\" content=\"Webmaster\" \/>\n\t<meta name=\"twitter:label2\" content=\"Tiempo de lectura\" \/>\n\t<meta name=\"twitter:data2\" content=\"2 minutos\" \/>\n<script type=\"application\/ld+json\" class=\"yoast-schema-graph\">{\"@context\":\"https:\\\/\\\/schema.org\",\"@graph\":[{\"@type\":\"Article\",\"@id\":\"https:\\\/\\\/olivamorosicristians.es\\\/comunicat-oficial-moros-i-cristians-doliva-2\\\/#article\",\"isPartOf\":{\"@id\":\"https:\\\/\\\/olivamorosicristians.es\\\/comunicat-oficial-moros-i-cristians-doliva-2\\\/\"},\"author\":{\"name\":\"Webmaster\",\"@id\":\"https:\\\/\\\/olivamorosicristians.es\\\/#\\\/schema\\\/person\\\/21ece052d8816103cad91a2676fd0149\"},\"headline\":\"Comunicat Oficial Moros i Cristians d\u2019Oliva\",\"datePublished\":\"2021-07-01T08:43:36+00:00\",\"dateModified\":\"2021-07-01T08:55:59+00:00\",\"mainEntityOfPage\":{\"@id\":\"https:\\\/\\\/olivamorosicristians.es\\\/comunicat-oficial-moros-i-cristians-doliva-2\\\/\"},\"wordCount\":413,\"publisher\":{\"@id\":\"https:\\\/\\\/olivamorosicristians.es\\\/#organization\"},\"image\":{\"@id\":\"https:\\\/\\\/olivamorosicristians.es\\\/comunicat-oficial-moros-i-cristians-doliva-2\\\/#primaryimage\"},\"thumbnailUrl\":\"https:\\\/\\\/i0.wp.com\\\/olivamorosicristians.es\\\/wp-content\\\/uploads\\\/2020\\\/04\\\/Comunicat-Oficial.jpg?fit=960%2C540&ssl=1\",\"articleSection\":[\"Federaci\u00f3\"],\"inLanguage\":\"es\"},{\"@type\":\"WebPage\",\"@id\":\"https:\\\/\\\/olivamorosicristians.es\\\/comunicat-oficial-moros-i-cristians-doliva-2\\\/\",\"url\":\"https:\\\/\\\/olivamorosicristians.es\\\/comunicat-oficial-moros-i-cristians-doliva-2\\\/\",\"name\":\"Comunicat Oficial Moros i Cristians d\u2019Oliva - Moros i Cristians Oliva\",\"isPartOf\":{\"@id\":\"https:\\\/\\\/olivamorosicristians.es\\\/#website\"},\"primaryImageOfPage\":{\"@id\":\"https:\\\/\\\/olivamorosicristians.es\\\/comunicat-oficial-moros-i-cristians-doliva-2\\\/#primaryimage\"},\"image\":{\"@id\":\"https:\\\/\\\/olivamorosicristians.es\\\/comunicat-oficial-moros-i-cristians-doliva-2\\\/#primaryimage\"},\"thumbnailUrl\":\"https:\\\/\\\/i0.wp.com\\\/olivamorosicristians.es\\\/wp-content\\\/uploads\\\/2020\\\/04\\\/Comunicat-Oficial.jpg?fit=960%2C540&ssl=1\",\"datePublished\":\"2021-07-01T08:43:36+00:00\",\"dateModified\":\"2021-07-01T08:55:59+00:00\",\"breadcrumb\":{\"@id\":\"https:\\\/\\\/olivamorosicristians.es\\\/comunicat-oficial-moros-i-cristians-doliva-2\\\/#breadcrumb\"},\"inLanguage\":\"es\",\"potentialAction\":[{\"@type\":\"ReadAction\",\"target\":[\"https:\\\/\\\/olivamorosicristians.es\\\/comunicat-oficial-moros-i-cristians-doliva-2\\\/\"]}]},{\"@type\":\"ImageObject\",\"inLanguage\":\"es\",\"@id\":\"https:\\\/\\\/olivamorosicristians.es\\\/comunicat-oficial-moros-i-cristians-doliva-2\\\/#primaryimage\",\"url\":\"https:\\\/\\\/i0.wp.com\\\/olivamorosicristians.es\\\/wp-content\\\/uploads\\\/2020\\\/04\\\/Comunicat-Oficial.jpg?fit=960%2C540&ssl=1\",\"contentUrl\":\"https:\\\/\\\/i0.wp.com\\\/olivamorosicristians.es\\\/wp-content\\\/uploads\\\/2020\\\/04\\\/Comunicat-Oficial.jpg?fit=960%2C540&ssl=1\",\"width\":960,\"height\":540},{\"@type\":\"BreadcrumbList\",\"@id\":\"https:\\\/\\\/olivamorosicristians.es\\\/comunicat-oficial-moros-i-cristians-doliva-2\\\/#breadcrumb\",\"itemListElement\":[{\"@type\":\"ListItem\",\"position\":1,\"name\":\"Portada\",\"item\":\"https:\\\/\\\/olivamorosicristians.es\\\/\"},{\"@type\":\"ListItem\",\"position\":2,\"name\":\"Comunicat Oficial Moros i Cristians d\u2019Oliva\"}]},{\"@type\":\"WebSite\",\"@id\":\"https:\\\/\\\/olivamorosicristians.es\\\/#website\",\"url\":\"https:\\\/\\\/olivamorosicristians.es\\\/\",\"name\":\"Moros i Cristians Oliva\",\"description\":\"FMCO\",\"publisher\":{\"@id\":\"https:\\\/\\\/olivamorosicristians.es\\\/#organization\"},\"potentialAction\":[{\"@type\":\"SearchAction\",\"target\":{\"@type\":\"EntryPoint\",\"urlTemplate\":\"https:\\\/\\\/olivamorosicristians.es\\\/?s={search_term_string}\"},\"query-input\":{\"@type\":\"PropertyValueSpecification\",\"valueRequired\":true,\"valueName\":\"search_term_string\"}}],\"inLanguage\":\"es\"},{\"@type\":\"Organization\",\"@id\":\"https:\\\/\\\/olivamorosicristians.es\\\/#organization\",\"name\":\"Federaci\u00f3 de Moros i Cristians - Oliva\",\"url\":\"https:\\\/\\\/olivamorosicristians.es\\\/\",\"logo\":{\"@type\":\"ImageObject\",\"inLanguage\":\"es\",\"@id\":\"https:\\\/\\\/olivamorosicristians.es\\\/#\\\/schema\\\/logo\\\/image\\\/\",\"url\":\"https:\\\/\\\/i2.wp.com\\\/olivamorosicristians.es\\\/wp-content\\\/uploads\\\/2018\\\/06\\\/Icon_FMiCO.png?fit=50%2C50&ssl=1\",\"contentUrl\":\"https:\\\/\\\/i2.wp.com\\\/olivamorosicristians.es\\\/wp-content\\\/uploads\\\/2018\\\/06\\\/Icon_FMiCO.png?fit=50%2C50&ssl=1\",\"width\":50,\"height\":50,\"caption\":\"Federaci\u00f3 de Moros i Cristians - Oliva\"},\"image\":{\"@id\":\"https:\\\/\\\/olivamorosicristians.es\\\/#\\\/schema\\\/logo\\\/image\\\/\"},\"sameAs\":[\"https:\\\/\\\/www.facebook.com\\\/federaciodemorosicristiansdoliva\\\/\",\"https:\\\/\\\/www.instagram.com\\\/morosicristiansoliva\\\/?hl=es\"]},{\"@type\":\"Person\",\"@id\":\"https:\\\/\\\/olivamorosicristians.es\\\/#\\\/schema\\\/person\\\/21ece052d8816103cad91a2676fd0149\",\"name\":\"Webmaster\",\"image\":{\"@type\":\"ImageObject\",\"inLanguage\":\"es\",\"@id\":\"https:\\\/\\\/secure.gravatar.com\\\/avatar\\\/18de20f14d74abe0c800b423a8b0e24cae6153cb6baeb2c2df80e1cef2117e0d?s=96&d=mm&r=g\",\"url\":\"https:\\\/\\\/secure.gravatar.com\\\/avatar\\\/18de20f14d74abe0c800b423a8b0e24cae6153cb6baeb2c2df80e1cef2117e0d?s=96&d=mm&r=g\",\"contentUrl\":\"https:\\\/\\\/secure.gravatar.com\\\/avatar\\\/18de20f14d74abe0c800b423a8b0e24cae6153cb6baeb2c2df80e1cef2117e0d?s=96&d=mm&r=g\",\"caption\":\"Webmaster\"},\"sameAs\":[\"https:\\\/\\\/www.facebook.com\\\/federaciodemorosicristiansdoliva\",\"https:\\\/\\\/www.instagram.com\\\/morosicristiansoliva\\\/\"]}]}<\/script>\n<!-- \/ Yoast SEO plugin. -->","yoast_head_json":{"title":"Comunicat Oficial Moros i Cristians d\u2019Oliva - Moros i Cristians Oliva","robots":{"index":"index","follow":"follow","max-snippet":"max-snippet:-1","max-image-preview":"max-image-preview:large","max-video-preview":"max-video-preview:-1"},"canonical":"https:\/\/olivamorosicristians.es\/es\/comunicat-oficial-moros-i-cristians-doliva-2\/","og_locale":"es_ES","og_type":"article","og_title":"Comunicat Oficial Moros i Cristians d\u2019Oliva - Moros i Cristians Oliva","og_description":"Es suspenen les Festes de Moros i Cristians d\u2019Oliva 2021 La Federaci\u00f3 de Moros i Cristians d\u2019Oliva informa que:&nbsp; Les normatives sanit\u00e0ries del Govern d\u2019Espanya i de la Generalitat Valenciana per fer front a la pand\u00e8mia de la Covid-19, tot i la millora de la situaci\u00f3 epidemiol\u00f2gica del pa\u00eds, continuen sent restrictives per a les [&hellip;]","og_url":"https:\/\/olivamorosicristians.es\/es\/comunicat-oficial-moros-i-cristians-doliva-2\/","og_site_name":"Moros i Cristians Oliva","article_publisher":"https:\/\/www.facebook.com\/federaciodemorosicristiansdoliva\/","article_author":"https:\/\/www.facebook.com\/federaciodemorosicristiansdoliva","article_published_time":"2021-07-01T08:43:36+00:00","article_modified_time":"2021-07-01T08:55:59+00:00","og_image":[{"width":960,"height":540,"url":"https:\/\/i0.wp.com\/olivamorosicristians.es\/wp-content\/uploads\/2020\/04\/Comunicat-Oficial.jpg?fit=960%2C540&ssl=1","type":"image\/jpeg"}],"author":"Webmaster","twitter_card":"summary_large_image","twitter_misc":{"Escrito por":"Webmaster","Tiempo de lectura":"2 minutos"},"schema":{"@context":"https:\/\/schema.org","@graph":[{"@type":"Article","@id":"https:\/\/olivamorosicristians.es\/comunicat-oficial-moros-i-cristians-doliva-2\/#article","isPartOf":{"@id":"https:\/\/olivamorosicristians.es\/comunicat-oficial-moros-i-cristians-doliva-2\/"},"author":{"name":"Webmaster","@id":"https:\/\/olivamorosicristians.es\/#\/schema\/person\/21ece052d8816103cad91a2676fd0149"},"headline":"Comunicat Oficial Moros i Cristians d\u2019Oliva","datePublished":"2021-07-01T08:43:36+00:00","dateModified":"2021-07-01T08:55:59+00:00","mainEntityOfPage":{"@id":"https:\/\/olivamorosicristians.es\/comunicat-oficial-moros-i-cristians-doliva-2\/"},"wordCount":413,"publisher":{"@id":"https:\/\/olivamorosicristians.es\/#organization"},"image":{"@id":"https:\/\/olivamorosicristians.es\/comunicat-oficial-moros-i-cristians-doliva-2\/#primaryimage"},"thumbnailUrl":"https:\/\/i0.wp.com\/olivamorosicristians.es\/wp-content\/uploads\/2020\/04\/Comunicat-Oficial.jpg?fit=960%2C540&ssl=1","articleSection":["Federaci\u00f3"],"inLanguage":"es"},{"@type":"WebPage","@id":"https:\/\/olivamorosicristians.es\/comunicat-oficial-moros-i-cristians-doliva-2\/","url":"https:\/\/olivamorosicristians.es\/comunicat-oficial-moros-i-cristians-doliva-2\/","name":"Comunicat Oficial Moros i Cristians d\u2019Oliva - Moros i Cristians Oliva","isPartOf":{"@id":"https:\/\/olivamorosicristians.es\/#website"},"primaryImageOfPage":{"@id":"https:\/\/olivamorosicristians.es\/comunicat-oficial-moros-i-cristians-doliva-2\/#primaryimage"},"image":{"@id":"https:\/\/olivamorosicristians.es\/comunicat-oficial-moros-i-cristians-doliva-2\/#primaryimage"},"thumbnailUrl":"https:\/\/i0.wp.com\/olivamorosicristians.es\/wp-content\/uploads\/2020\/04\/Comunicat-Oficial.jpg?fit=960%2C540&ssl=1","datePublished":"2021-07-01T08:43:36+00:00","dateModified":"2021-07-01T08:55:59+00:00","breadcrumb":{"@id":"https:\/\/olivamorosicristians.es\/comunicat-oficial-moros-i-cristians-doliva-2\/#breadcrumb"},"inLanguage":"es","potentialAction":[{"@type":"ReadAction","target":["https:\/\/olivamorosicristians.es\/comunicat-oficial-moros-i-cristians-doliva-2\/"]}]},{"@type":"ImageObject","inLanguage":"es","@id":"https:\/\/olivamorosicristians.es\/comunicat-oficial-moros-i-cristians-doliva-2\/#primaryimage","url":"https:\/\/i0.wp.com\/olivamorosicristians.es\/wp-content\/uploads\/2020\/04\/Comunicat-Oficial.jpg?fit=960%2C540&ssl=1","contentUrl":"https:\/\/i0.wp.com\/olivamorosicristians.es\/wp-content\/uploads\/2020\/04\/Comunicat-Oficial.jpg?fit=960%2C540&ssl=1","width":960,"height":540},{"@type":"BreadcrumbList","@id":"https:\/\/olivamorosicristians.es\/comunicat-oficial-moros-i-cristians-doliva-2\/#breadcrumb","itemListElement":[{"@type":"ListItem","position":1,"name":"Portada","item":"https:\/\/olivamorosicristians.es\/"},{"@type":"ListItem","position":2,"name":"Comunicat Oficial Moros i Cristians d\u2019Oliva"}]},{"@type":"WebSite","@id":"https:\/\/olivamorosicristians.es\/#website","url":"https:\/\/olivamorosicristians.es\/","name":"Moros i Cristians Oliva","description":"FMCO","publisher":{"@id":"https:\/\/olivamorosicristians.es\/#organization"},"potentialAction":[{"@type":"SearchAction","target":{"@type":"EntryPoint","urlTemplate":"https:\/\/olivamorosicristians.es\/?s={search_term_string}"},"query-input":{"@type":"PropertyValueSpecification","valueRequired":true,"valueName":"search_term_string"}}],"inLanguage":"es"},{"@type":"Organization","@id":"https:\/\/olivamorosicristians.es\/#organization","name":"La Federaci\u00f3n de Moros y Cristianos de Oliva","url":"https:\/\/olivamorosicristians.es\/","logo":{"@type":"ImageObject","inLanguage":"es","@id":"https:\/\/olivamorosicristians.es\/#\/schema\/logo\/image\/","url":"https:\/\/i2.wp.com\/olivamorosicristians.es\/wp-content\/uploads\/2018\/06\/Icon_FMiCO.png?fit=50%2C50&ssl=1","contentUrl":"https:\/\/i2.wp.com\/olivamorosicristians.es\/wp-content\/uploads\/2018\/06\/Icon_FMiCO.png?fit=50%2C50&ssl=1","width":50,"height":50,"caption":"Federaci\u00f3 de Moros i Cristians - Oliva"},"image":{"@id":"https:\/\/olivamorosicristians.es\/#\/schema\/logo\/image\/"},"sameAs":["https:\/\/www.facebook.com\/federaciodemorosicristiansdoliva\/","https:\/\/www.instagram.com\/morosicristiansoliva\/?hl=es"]},{"@type":"Person","@id":"https:\/\/olivamorosicristians.es\/#\/schema\/person\/21ece052d8816103cad91a2676fd0149","name":"Webmaster","image":{"@type":"ImageObject","inLanguage":"es","@id":"https:\/\/secure.gravatar.com\/avatar\/18de20f14d74abe0c800b423a8b0e24cae6153cb6baeb2c2df80e1cef2117e0d?s=96&d=mm&r=g","url":"https:\/\/secure.gravatar.com\/avatar\/18de20f14d74abe0c800b423a8b0e24cae6153cb6baeb2c2df80e1cef2117e0d?s=96&d=mm&r=g","contentUrl":"https:\/\/secure.gravatar.com\/avatar\/18de20f14d74abe0c800b423a8b0e24cae6153cb6baeb2c2df80e1cef2117e0d?s=96&d=mm&r=g","caption":"Webmaster"},"sameAs":["https:\/\/www.facebook.com\/federaciodemorosicristiansdoliva","https:\/\/www.instagram.com\/morosicristiansoliva\/"]}]}},"jetpack_publicize_connections":[],"jetpack_featured_media_url":"https:\/\/i0.wp.com\/olivamorosicristians.es\/wp-content\/uploads\/2020\/04\/Comunicat-Oficial.jpg?fit=960%2C540&ssl=1","jetpack_sharing_enabled":true,"jetpack_shortlink":"https:\/\/wp.me\/pagEx6-2IP","jetpack-related-posts":[],"_links":{"self":[{"href":"https:\/\/olivamorosicristians.es\/es\/wp-json\/wp\/v2\/posts\/10467","targetHints":{"allow":["GET"]}}],"collection":[{"href":"https:\/\/olivamorosicristians.es\/es\/wp-json\/wp\/v2\/posts"}],"about":[{"href":"https:\/\/olivamorosicristians.es\/es\/wp-json\/wp\/v2\/types\/post"}],"author":[{"embeddable":true,"href":"https:\/\/olivamorosicristians.es\/es\/wp-json\/wp\/v2\/users\/1"}],"replies":[{"embeddable":true,"href":"https:\/\/olivamorosicristians.es\/es\/wp-json\/wp\/v2\/comments?post=10467"}],"version-history":[{"count":7,"href":"https:\/\/olivamorosicristians.es\/es\/wp-json\/wp\/v2\/posts\/10467\/revisions"}],"predecessor-version":[{"id":10478,"href":"https:\/\/olivamorosicristians.es\/es\/wp-json\/wp\/v2\/posts\/10467\/revisions\/10478"}],"wp:featuredmedia":[{"embeddable":true,"href":"https:\/\/olivamorosicristians.es\/es\/wp-json\/wp\/v2\/media\/9710"}],"wp:attachment":[{"href":"https:\/\/olivamorosicristians.es\/es\/wp-json\/wp\/v2\/media?parent=10467"}],"wp:term":[{"taxonomy":"category","embeddable":true,"href":"https:\/\/olivamorosicristians.es\/es\/wp-json\/wp\/v2\/categories?post=10467"},{"taxonomy":"post_tag","embeddable":true,"href":"https:\/\/olivamorosicristians.es\/es\/wp-json\/wp\/v2\/tags?post=10467"}],"curies":[{"name":"wp","href":"https:\/\/api.w.org\/{rel}","templated":true}]}}