{"id":10451,"date":"2021-05-02T12:12:09","date_gmt":"2021-05-02T10:12:09","guid":{"rendered":"https:\/\/olivamorosicristians.es\/?p=10451"},"modified":"2021-05-03T19:37:47","modified_gmt":"2021-05-03T17:37:47","slug":"exit-en-la-presentacio-de-lexposicio","status":"publish","type":"post","link":"https:\/\/olivamorosicristians.es\/es\/exit-en-la-presentacio-de-lexposicio\/","title":{"rendered":"\u00c8xit en la presentaci\u00f3 de l\u2019exposici\u00f3"},"content":{"rendered":"<p><strong>\u00c8xit en la presentaci\u00f3 de l\u2019exposici\u00f3 \u00abUn segle de records\u00bb que ha preparat la FMICO<\/strong><\/p>\n<p><strong>\u00a0<\/strong><\/p>\n<p><em>Degut a l\u2019amena\u00e7a de pluja, la presentaci\u00f3 de la mostra que commemora el centenari de les primeres celebracions dels Moros i Cristians a Oliva s\u2019ha celebrat al Centre Polivalent.<\/em><\/p>\n<p><em>Complint amb les mesures sanit\u00e0ries pertinents, a l\u2019acte han assistit l\u2019Alcalde i els portaveus dels distints grups municipals, la presidenta de la UNDEF, Pepa Prats, les capitanes i ambaixadors, festers d\u2019honor, presidents de les distintes filades, membres de la Junta de la Federaci\u00f3 de Moros i Cristians i persones que han col\u00b7laborat amb la mostra.<\/em><\/p>\n<p>L\u2019acte de presentaci\u00f3 de l\u2019exposici\u00f3 \u00abUn segle de records\u00bb, que estava previst realitzar a l\u2019esplanada del carrer Constituci\u00f3, just a l\u2019entrada de l\u2019Edifici de l\u2019Enginy, s\u2019ha realitzat al Centre Polivalent degut a la inestabilitat meteorol\u00f2gica que amena\u00e7ava amb pluja.<\/p>\n<p>A les 19h del divendres 30 d\u2019abril de 2021, s\u2019han donat cita al Centre Polivalent distints representants de la societat civil olivera i, en concret, del m\u00f3n de la festa dels Moros i Cristians. La Federaci\u00f3 de Moros i Cristians (FMICO) ha organitzat l\u2019acte que ha presentat l\u2019exposici\u00f3 \u00abUn Segle de Records\u00bb, que s\u2019emmarca dins les celebracions del centenari de les primeres celebracions dels Moros i Cristians d\u2019Oliva.<\/p>\n<p>Des del 30 d\u2019abril i fins al 31 de maig es podr\u00e0 visitar la mostra que est\u00e0 distribu\u00efda en distintes seus ubicades al casc hist\u00f2ric de la ciutat: Edifici de l\u2019Enginy, Casa de la Cultura, Museu Etnol\u00f2gic i Torre de la Comare.<\/p>\n<p>L\u2019acte ha estat presentat per Helena Ma\u00f1\u00f3, secret\u00e0ria de la FMICO, i han intervingut tant l\u2019Alcalde d\u2019Oliva, David Gonz\u00e1lez, com \u00d3scar Prieto, president de la FMICO i Diego Mestre, comissari de l\u2019exposici\u00f3 i membre de la Junta de la FMICO.<\/p>\n<p>A l\u2019inici de l\u2019acte s\u2019ha projectat un audiovisual que feia un recorregut per les seus de l\u2019exposici\u00f3 i on es podien vore els distints elements i objectes que es podran trobar en la mateixa.<\/p>\n<ol>\n<li>A la Casa de la Cultura, la col\u00b7lecci\u00f3 completa de cartells de Festes des de 1950 fins a l\u2019actualitat.<\/li>\n<li>Al Palau Comtal dels Centelles una mostra d&#8217;estendards, banderes i armes, en la planta baixa; en la planta superior les partitures de la m\u00fasica Festera relacionada i composada espec\u00edficament per a les festes oliveres.<\/li>\n<li>Al Museu Etnol\u00f2gic, un recorregut per les distintes fases de les nostres festes, records d\u2019aquests 100 anys de Festa a Oliva. Al primer pis, una selecci\u00f3 iconogr\u00e0fica dels dos primers moments de la Festa. S\u2019exposen els escassos testimonis conservats dels anys 20 del segle passat. Entranyables fotografies i reproduccions dels vestits utilitzats en aquells anys. Al segon pis, elements i documents de l\u2019\u00faltima i actual etapa i un audiovisual que recull gran part de la nostra hist\u00f2ria.<\/li>\n<li>Enginy del Sucre trobem una mostra de les indument\u00e0ries festeres de totes les filades oliveres, tant les passades com les actuals. Les vestimentes de \u00abgal\u00b7la\u00bb que s\u2019utilitzen per a les Entrades.<\/li>\n<\/ol>\n<p>En acabar el v\u00eddeo, <strong>el primer en intervindre ha estat Diego Mestre<\/strong>, qui han explicat com es distribueix la mostra en les quatre seus i ha assenyalat: \u00ab<em>Amb molta il\u00b7lusi\u00f3 i molts \u00e0nims s\u2019ha dut a terme l\u2019exposici\u00f3 que hui inaugurem. CENT ANYS DE RECORDS. \u00c9s el resultat de l\u2019esfor\u00e7 de tanta gent que ha rebuscat objectes i vestits conservats als calaixos dels bons records: festers i festeres actuals o d\u2019edicions passades, que han contribu\u00eft de manera generosa a la preparaci\u00f3 d\u2019aquesta mostra<\/em>\u00bb.<\/p>\n<p>Despr\u00e9s, <strong>l\u2019Alcalde d\u2019Oliva, David Gonz\u00e1lez<\/strong>, qui ha posat en valor aquesta exposici\u00f3 i ha remarcat la import\u00e0ncia de conservar el passat per projectar el futur de les nostres festes. A m\u00e9s, ha confirmat el comprom\u00eds de l\u2019Ajuntament d\u2019Oliva per continuar treballant junt amb la FMICO per preservar el passat i continuar fent m\u00e9s gran la Festa de Moros i Cristians d\u2019Oliva.<\/p>\n<p>Per <strong>tancar l\u2019acte, \u00d3scar Prieto, president de la FMICO, <\/strong>ha convidat a l\u2019Ajuntament a estudiar la possibilitat de crear una exposici\u00f3 permanent dels Moros i Cristians d\u2019Oliva. \u00ab<em>Aquesta magna exposici\u00f3 ha estat <strong>fruit de l\u2019esfor\u00e7 coordinat de nombrosos festers i festeres<\/strong> que ha treballat per recopilar la documentaci\u00f3 i el material que la conformen. Els problem\u00e0tics temps de pand\u00e8mia que vivim s\u2019han convertit en l\u2019oportunitat per erigir <strong>una exposici\u00f3 sense precedents<\/strong> a la ciutat<\/em>\u00bb, apuntava Prieto.\u00a0 I ha afegit que \u00ab<em>aquesta mostra \u00e9s una realitat perqu\u00e8 \u00e9s el fruit de la llavor que van sembrar els nostres majors. Aquelles persones que han treballat durant molts anys per la nostra Festa fins portar-la fins on ens trobem ara: uns Moros i Cristians referents a la C. Valenciana<\/em>\u00bb.<\/p>\n<p>A m\u00e9s, la FMICO ha editat un cat\u00e0leg de 126 p\u00e0gines en format llibret, que \u00e9s una explicaci\u00f3 de tot el que es podr\u00e0 trobar en la mostra i que pret\u00e9n ser un record i tamb\u00e9 una forma de cristal\u00b7litzar tota la informaci\u00f3, documentaci\u00f3 i fotografies que amb motiu d\u2019 \u00abUn Segle de Records\u00bb s\u2019ha aconseguit compilar.<\/p>\n<p>\u00a0<\/p>\n<p>L\u2019horari per visitar l\u2019exposici\u00f3 \u00abUn Segle de Records\u00bb, del 30 d\u2019abril fins el 31 de maig de 2021, \u00e9s el seg\u00fcent:<\/p>\n<p>-Dilluns tancat.<\/p>\n<p>-De dimarts a dissabte:<\/p>\n<p>\u00a0\u00a0\u00a0\u00a0\u00a0\u00a0\u00a0\u00a0 De 10 a 13:30h (nom\u00e9s Museu Etnol\u00f2gic)<\/p>\n<p>\u00a0\u00a0\u00a0\u00a0\u00a0\u00a0\u00a0\u00a0 De 16 a 19h (totes les seus)<\/p>\n<p>-Diumenge:<\/p>\n<p>\u00a0\u00a0\u00a0\u00a0\u00a0\u00a0\u00a0\u00a0 De 11 a 13:30h (totes les seus)<\/p>\n\n\n<figure class=\"wp-block-image size-large\"><img data-recalc-dims=\"1\" loading=\"lazy\" decoding=\"async\" width=\"960\" height=\"198\" data-attachment-id=\"10449\" data-permalink=\"https:\/\/olivamorosicristians.es\/es\/un-segle-de-records-lexposicio-de-la-fmico\/logos-participantes\/\" data-orig-file=\"https:\/\/i0.wp.com\/olivamorosicristians.es\/wp-content\/uploads\/2021\/04\/LOGOS-PARTICIPANTES.jpeg?fit=960%2C198&amp;ssl=1\" data-orig-size=\"960,198\" data-comments-opened=\"0\" data-image-meta=\"{&quot;aperture&quot;:&quot;0&quot;,&quot;credit&quot;:&quot;&quot;,&quot;camera&quot;:&quot;&quot;,&quot;caption&quot;:&quot;&quot;,&quot;created_timestamp&quot;:&quot;0&quot;,&quot;copyright&quot;:&quot;&quot;,&quot;focal_length&quot;:&quot;0&quot;,&quot;iso&quot;:&quot;0&quot;,&quot;shutter_speed&quot;:&quot;0&quot;,&quot;title&quot;:&quot;&quot;,&quot;orientation&quot;:&quot;0&quot;}\" data-image-title=\"LOGOS-PARTICIPANTES\" data-image-description=\"\" data-image-caption=\"\" data-large-file=\"https:\/\/i0.wp.com\/olivamorosicristians.es\/wp-content\/uploads\/2021\/04\/LOGOS-PARTICIPANTES.jpeg?fit=960%2C198&amp;ssl=1\" src=\"https:\/\/i0.wp.com\/olivamorosicristians.es\/wp-content\/uploads\/2021\/04\/LOGOS-PARTICIPANTES.jpeg?resize=960%2C198&#038;ssl=1\" alt=\"\" class=\"wp-image-10449\" srcset=\"https:\/\/i0.wp.com\/olivamorosicristians.es\/wp-content\/uploads\/2021\/04\/LOGOS-PARTICIPANTES.jpeg?w=960&amp;ssl=1 960w, https:\/\/i0.wp.com\/olivamorosicristians.es\/wp-content\/uploads\/2021\/04\/LOGOS-PARTICIPANTES.jpeg?resize=300%2C62&amp;ssl=1 300w, https:\/\/i0.wp.com\/olivamorosicristians.es\/wp-content\/uploads\/2021\/04\/LOGOS-PARTICIPANTES.jpeg?resize=768%2C158&amp;ssl=1 768w, https:\/\/i0.wp.com\/olivamorosicristians.es\/wp-content\/uploads\/2021\/04\/LOGOS-PARTICIPANTES.jpeg?resize=640%2C132&amp;ssl=1 640w\" sizes=\"auto, (max-width: 960px) 100vw, 960px\" \/><\/figure>","protected":false},"excerpt":{"rendered":"<p>\u00c8xit en la presentaci\u00f3 de l\u2019exposici\u00f3 \u00abUn segle de records\u00bb que ha preparat la FMICO \u00a0 Degut a l\u2019amena\u00e7a de pluja, la presentaci\u00f3 de la mostra que commemora el centenari de les primeres celebracions dels Moros i Cristians a Oliva s\u2019ha celebrat al Centre Polivalent. Complint amb les mesures sanit\u00e0ries pertinents, a l\u2019acte han assistit [&hellip;]<\/p>\n","protected":false},"author":1,"featured_media":10452,"comment_status":"closed","ping_status":"open","sticky":false,"template":"","format":"standard","meta":{"jetpack_post_was_ever_published":false,"_jetpack_newsletter_access":"","_jetpack_dont_email_post_to_subs":false,"_jetpack_newsletter_tier_id":0,"_jetpack_memberships_contains_paywalled_content":false,"_jetpack_memberships_contains_paid_content":false,"footnotes":"","jetpack_publicize_message":"","jetpack_publicize_feature_enabled":true,"jetpack_social_post_already_shared":true,"jetpack_social_options":{"image_generator_settings":{"template":"highway","default_image_id":0,"font":"","enabled":false},"version":2}},"categories":[149],"tags":[],"class_list":["post-10451","post","type-post","status-publish","format-standard","has-post-thumbnail","hentry","category-esdeveniments"],"yoast_head":"<!-- This site is optimized with the Yoast SEO plugin v27.4 - https:\/\/yoast.com\/product\/yoast-seo-wordpress\/ -->\n<title>\u00c8xit en la presentaci\u00f3 de l\u2019exposici\u00f3 - Moros i Cristians Oliva<\/title>\n<meta name=\"robots\" content=\"index, follow, max-snippet:-1, max-image-preview:large, max-video-preview:-1\" \/>\n<link rel=\"canonical\" href=\"https:\/\/olivamorosicristians.es\/es\/exit-en-la-presentacio-de-lexposicio\/\" \/>\n<meta property=\"og:locale\" content=\"es_ES\" \/>\n<meta property=\"og:type\" content=\"article\" \/>\n<meta property=\"og:title\" content=\"\u00c8xit en la presentaci\u00f3 de l\u2019exposici\u00f3 - Moros i Cristians Oliva\" \/>\n<meta property=\"og:description\" content=\"\u00c8xit en la presentaci\u00f3 de l\u2019exposici\u00f3 \u00abUn segle de records\u00bb que ha preparat la FMICO \u00a0 Degut a l\u2019amena\u00e7a de pluja, la presentaci\u00f3 de la mostra que commemora el centenari de les primeres celebracions dels Moros i Cristians a Oliva s\u2019ha celebrat al Centre Polivalent. Complint amb les mesures sanit\u00e0ries pertinents, a l\u2019acte han assistit [&hellip;]\" \/>\n<meta property=\"og:url\" content=\"https:\/\/olivamorosicristians.es\/es\/exit-en-la-presentacio-de-lexposicio\/\" \/>\n<meta property=\"og:site_name\" content=\"Moros i Cristians Oliva\" \/>\n<meta property=\"article:publisher\" content=\"https:\/\/www.facebook.com\/federaciodemorosicristiansdoliva\/\" \/>\n<meta property=\"article:author\" content=\"https:\/\/www.facebook.com\/federaciodemorosicristiansdoliva\" \/>\n<meta property=\"article:published_time\" content=\"2021-05-02T10:12:09+00:00\" \/>\n<meta property=\"article:modified_time\" content=\"2021-05-03T17:37:47+00:00\" \/>\n<meta property=\"og:image\" content=\"https:\/\/i0.wp.com\/olivamorosicristians.es\/wp-content\/uploads\/2021\/05\/WhatsApp-Image-2021-04-30-at-23.20.38.jpeg?fit=1600%2C1131&ssl=1\" \/>\n\t<meta property=\"og:image:width\" content=\"1600\" \/>\n\t<meta property=\"og:image:height\" content=\"1131\" \/>\n\t<meta property=\"og:image:type\" content=\"image\/jpeg\" \/>\n<meta name=\"author\" content=\"Webmaster\" \/>\n<meta name=\"twitter:card\" content=\"summary_large_image\" \/>\n<meta name=\"twitter:label1\" content=\"Escrito por\" \/>\n\t<meta name=\"twitter:data1\" content=\"Webmaster\" \/>\n\t<meta name=\"twitter:label2\" content=\"Tiempo de lectura\" \/>\n\t<meta name=\"twitter:data2\" content=\"4 minutos\" \/>\n<script type=\"application\/ld+json\" class=\"yoast-schema-graph\">{\"@context\":\"https:\\\/\\\/schema.org\",\"@graph\":[{\"@type\":\"Article\",\"@id\":\"https:\\\/\\\/olivamorosicristians.es\\\/exit-en-la-presentacio-de-lexposicio\\\/#article\",\"isPartOf\":{\"@id\":\"https:\\\/\\\/olivamorosicristians.es\\\/exit-en-la-presentacio-de-lexposicio\\\/\"},\"author\":{\"name\":\"Webmaster\",\"@id\":\"https:\\\/\\\/olivamorosicristians.es\\\/#\\\/schema\\\/person\\\/21ece052d8816103cad91a2676fd0149\"},\"headline\":\"\u00c8xit en la presentaci\u00f3 de l\u2019exposici\u00f3\",\"datePublished\":\"2021-05-02T10:12:09+00:00\",\"dateModified\":\"2021-05-03T17:37:47+00:00\",\"mainEntityOfPage\":{\"@id\":\"https:\\\/\\\/olivamorosicristians.es\\\/exit-en-la-presentacio-de-lexposicio\\\/\"},\"wordCount\":945,\"publisher\":{\"@id\":\"https:\\\/\\\/olivamorosicristians.es\\\/#organization\"},\"image\":{\"@id\":\"https:\\\/\\\/olivamorosicristians.es\\\/exit-en-la-presentacio-de-lexposicio\\\/#primaryimage\"},\"thumbnailUrl\":\"https:\\\/\\\/i0.wp.com\\\/olivamorosicristians.es\\\/wp-content\\\/uploads\\\/2021\\\/05\\\/WhatsApp-Image-2021-04-30-at-23.20.38.jpeg?fit=1600%2C1131&ssl=1\",\"articleSection\":[\"Esdeveniments\"],\"inLanguage\":\"es\"},{\"@type\":\"WebPage\",\"@id\":\"https:\\\/\\\/olivamorosicristians.es\\\/exit-en-la-presentacio-de-lexposicio\\\/\",\"url\":\"https:\\\/\\\/olivamorosicristians.es\\\/exit-en-la-presentacio-de-lexposicio\\\/\",\"name\":\"\u00c8xit en la presentaci\u00f3 de l\u2019exposici\u00f3 - Moros i Cristians Oliva\",\"isPartOf\":{\"@id\":\"https:\\\/\\\/olivamorosicristians.es\\\/#website\"},\"primaryImageOfPage\":{\"@id\":\"https:\\\/\\\/olivamorosicristians.es\\\/exit-en-la-presentacio-de-lexposicio\\\/#primaryimage\"},\"image\":{\"@id\":\"https:\\\/\\\/olivamorosicristians.es\\\/exit-en-la-presentacio-de-lexposicio\\\/#primaryimage\"},\"thumbnailUrl\":\"https:\\\/\\\/i0.wp.com\\\/olivamorosicristians.es\\\/wp-content\\\/uploads\\\/2021\\\/05\\\/WhatsApp-Image-2021-04-30-at-23.20.38.jpeg?fit=1600%2C1131&ssl=1\",\"datePublished\":\"2021-05-02T10:12:09+00:00\",\"dateModified\":\"2021-05-03T17:37:47+00:00\",\"breadcrumb\":{\"@id\":\"https:\\\/\\\/olivamorosicristians.es\\\/exit-en-la-presentacio-de-lexposicio\\\/#breadcrumb\"},\"inLanguage\":\"es\",\"potentialAction\":[{\"@type\":\"ReadAction\",\"target\":[\"https:\\\/\\\/olivamorosicristians.es\\\/exit-en-la-presentacio-de-lexposicio\\\/\"]}]},{\"@type\":\"ImageObject\",\"inLanguage\":\"es\",\"@id\":\"https:\\\/\\\/olivamorosicristians.es\\\/exit-en-la-presentacio-de-lexposicio\\\/#primaryimage\",\"url\":\"https:\\\/\\\/i0.wp.com\\\/olivamorosicristians.es\\\/wp-content\\\/uploads\\\/2021\\\/05\\\/WhatsApp-Image-2021-04-30-at-23.20.38.jpeg?fit=1600%2C1131&ssl=1\",\"contentUrl\":\"https:\\\/\\\/i0.wp.com\\\/olivamorosicristians.es\\\/wp-content\\\/uploads\\\/2021\\\/05\\\/WhatsApp-Image-2021-04-30-at-23.20.38.jpeg?fit=1600%2C1131&ssl=1\",\"width\":1600,\"height\":1131},{\"@type\":\"BreadcrumbList\",\"@id\":\"https:\\\/\\\/olivamorosicristians.es\\\/exit-en-la-presentacio-de-lexposicio\\\/#breadcrumb\",\"itemListElement\":[{\"@type\":\"ListItem\",\"position\":1,\"name\":\"Portada\",\"item\":\"https:\\\/\\\/olivamorosicristians.es\\\/\"},{\"@type\":\"ListItem\",\"position\":2,\"name\":\"\u00c8xit en la presentaci\u00f3 de l\u2019exposici\u00f3\"}]},{\"@type\":\"WebSite\",\"@id\":\"https:\\\/\\\/olivamorosicristians.es\\\/#website\",\"url\":\"https:\\\/\\\/olivamorosicristians.es\\\/\",\"name\":\"Moros i Cristians Oliva\",\"description\":\"FMCO\",\"publisher\":{\"@id\":\"https:\\\/\\\/olivamorosicristians.es\\\/#organization\"},\"potentialAction\":[{\"@type\":\"SearchAction\",\"target\":{\"@type\":\"EntryPoint\",\"urlTemplate\":\"https:\\\/\\\/olivamorosicristians.es\\\/?s={search_term_string}\"},\"query-input\":{\"@type\":\"PropertyValueSpecification\",\"valueRequired\":true,\"valueName\":\"search_term_string\"}}],\"inLanguage\":\"es\"},{\"@type\":\"Organization\",\"@id\":\"https:\\\/\\\/olivamorosicristians.es\\\/#organization\",\"name\":\"Federaci\u00f3 de Moros i Cristians - Oliva\",\"url\":\"https:\\\/\\\/olivamorosicristians.es\\\/\",\"logo\":{\"@type\":\"ImageObject\",\"inLanguage\":\"es\",\"@id\":\"https:\\\/\\\/olivamorosicristians.es\\\/#\\\/schema\\\/logo\\\/image\\\/\",\"url\":\"https:\\\/\\\/i2.wp.com\\\/olivamorosicristians.es\\\/wp-content\\\/uploads\\\/2018\\\/06\\\/Icon_FMiCO.png?fit=50%2C50&ssl=1\",\"contentUrl\":\"https:\\\/\\\/i2.wp.com\\\/olivamorosicristians.es\\\/wp-content\\\/uploads\\\/2018\\\/06\\\/Icon_FMiCO.png?fit=50%2C50&ssl=1\",\"width\":50,\"height\":50,\"caption\":\"Federaci\u00f3 de Moros i Cristians - Oliva\"},\"image\":{\"@id\":\"https:\\\/\\\/olivamorosicristians.es\\\/#\\\/schema\\\/logo\\\/image\\\/\"},\"sameAs\":[\"https:\\\/\\\/www.facebook.com\\\/federaciodemorosicristiansdoliva\\\/\",\"https:\\\/\\\/www.instagram.com\\\/morosicristiansoliva\\\/?hl=es\"]},{\"@type\":\"Person\",\"@id\":\"https:\\\/\\\/olivamorosicristians.es\\\/#\\\/schema\\\/person\\\/21ece052d8816103cad91a2676fd0149\",\"name\":\"Webmaster\",\"image\":{\"@type\":\"ImageObject\",\"inLanguage\":\"es\",\"@id\":\"https:\\\/\\\/secure.gravatar.com\\\/avatar\\\/18de20f14d74abe0c800b423a8b0e24cae6153cb6baeb2c2df80e1cef2117e0d?s=96&d=mm&r=g\",\"url\":\"https:\\\/\\\/secure.gravatar.com\\\/avatar\\\/18de20f14d74abe0c800b423a8b0e24cae6153cb6baeb2c2df80e1cef2117e0d?s=96&d=mm&r=g\",\"contentUrl\":\"https:\\\/\\\/secure.gravatar.com\\\/avatar\\\/18de20f14d74abe0c800b423a8b0e24cae6153cb6baeb2c2df80e1cef2117e0d?s=96&d=mm&r=g\",\"caption\":\"Webmaster\"},\"sameAs\":[\"https:\\\/\\\/www.facebook.com\\\/federaciodemorosicristiansdoliva\",\"https:\\\/\\\/www.instagram.com\\\/morosicristiansoliva\\\/\"]}]}<\/script>\n<!-- \/ Yoast SEO plugin. -->","yoast_head_json":{"title":"\u00c8xit en la presentaci\u00f3 de l\u2019exposici\u00f3 - Moros i Cristians Oliva","robots":{"index":"index","follow":"follow","max-snippet":"max-snippet:-1","max-image-preview":"max-image-preview:large","max-video-preview":"max-video-preview:-1"},"canonical":"https:\/\/olivamorosicristians.es\/es\/exit-en-la-presentacio-de-lexposicio\/","og_locale":"es_ES","og_type":"article","og_title":"\u00c8xit en la presentaci\u00f3 de l\u2019exposici\u00f3 - Moros i Cristians Oliva","og_description":"\u00c8xit en la presentaci\u00f3 de l\u2019exposici\u00f3 \u00abUn segle de records\u00bb que ha preparat la FMICO \u00a0 Degut a l\u2019amena\u00e7a de pluja, la presentaci\u00f3 de la mostra que commemora el centenari de les primeres celebracions dels Moros i Cristians a Oliva s\u2019ha celebrat al Centre Polivalent. Complint amb les mesures sanit\u00e0ries pertinents, a l\u2019acte han assistit [&hellip;]","og_url":"https:\/\/olivamorosicristians.es\/es\/exit-en-la-presentacio-de-lexposicio\/","og_site_name":"Moros i Cristians Oliva","article_publisher":"https:\/\/www.facebook.com\/federaciodemorosicristiansdoliva\/","article_author":"https:\/\/www.facebook.com\/federaciodemorosicristiansdoliva","article_published_time":"2021-05-02T10:12:09+00:00","article_modified_time":"2021-05-03T17:37:47+00:00","og_image":[{"width":1600,"height":1131,"url":"https:\/\/i0.wp.com\/olivamorosicristians.es\/wp-content\/uploads\/2021\/05\/WhatsApp-Image-2021-04-30-at-23.20.38.jpeg?fit=1600%2C1131&ssl=1","type":"image\/jpeg"}],"author":"Webmaster","twitter_card":"summary_large_image","twitter_misc":{"Escrito por":"Webmaster","Tiempo de lectura":"4 minutos"},"schema":{"@context":"https:\/\/schema.org","@graph":[{"@type":"Article","@id":"https:\/\/olivamorosicristians.es\/exit-en-la-presentacio-de-lexposicio\/#article","isPartOf":{"@id":"https:\/\/olivamorosicristians.es\/exit-en-la-presentacio-de-lexposicio\/"},"author":{"name":"Webmaster","@id":"https:\/\/olivamorosicristians.es\/#\/schema\/person\/21ece052d8816103cad91a2676fd0149"},"headline":"\u00c8xit en la presentaci\u00f3 de l\u2019exposici\u00f3","datePublished":"2021-05-02T10:12:09+00:00","dateModified":"2021-05-03T17:37:47+00:00","mainEntityOfPage":{"@id":"https:\/\/olivamorosicristians.es\/exit-en-la-presentacio-de-lexposicio\/"},"wordCount":945,"publisher":{"@id":"https:\/\/olivamorosicristians.es\/#organization"},"image":{"@id":"https:\/\/olivamorosicristians.es\/exit-en-la-presentacio-de-lexposicio\/#primaryimage"},"thumbnailUrl":"https:\/\/i0.wp.com\/olivamorosicristians.es\/wp-content\/uploads\/2021\/05\/WhatsApp-Image-2021-04-30-at-23.20.38.jpeg?fit=1600%2C1131&ssl=1","articleSection":["Esdeveniments"],"inLanguage":"es"},{"@type":"WebPage","@id":"https:\/\/olivamorosicristians.es\/exit-en-la-presentacio-de-lexposicio\/","url":"https:\/\/olivamorosicristians.es\/exit-en-la-presentacio-de-lexposicio\/","name":"\u00c8xit en la presentaci\u00f3 de l\u2019exposici\u00f3 - Moros i Cristians Oliva","isPartOf":{"@id":"https:\/\/olivamorosicristians.es\/#website"},"primaryImageOfPage":{"@id":"https:\/\/olivamorosicristians.es\/exit-en-la-presentacio-de-lexposicio\/#primaryimage"},"image":{"@id":"https:\/\/olivamorosicristians.es\/exit-en-la-presentacio-de-lexposicio\/#primaryimage"},"thumbnailUrl":"https:\/\/i0.wp.com\/olivamorosicristians.es\/wp-content\/uploads\/2021\/05\/WhatsApp-Image-2021-04-30-at-23.20.38.jpeg?fit=1600%2C1131&ssl=1","datePublished":"2021-05-02T10:12:09+00:00","dateModified":"2021-05-03T17:37:47+00:00","breadcrumb":{"@id":"https:\/\/olivamorosicristians.es\/exit-en-la-presentacio-de-lexposicio\/#breadcrumb"},"inLanguage":"es","potentialAction":[{"@type":"ReadAction","target":["https:\/\/olivamorosicristians.es\/exit-en-la-presentacio-de-lexposicio\/"]}]},{"@type":"ImageObject","inLanguage":"es","@id":"https:\/\/olivamorosicristians.es\/exit-en-la-presentacio-de-lexposicio\/#primaryimage","url":"https:\/\/i0.wp.com\/olivamorosicristians.es\/wp-content\/uploads\/2021\/05\/WhatsApp-Image-2021-04-30-at-23.20.38.jpeg?fit=1600%2C1131&ssl=1","contentUrl":"https:\/\/i0.wp.com\/olivamorosicristians.es\/wp-content\/uploads\/2021\/05\/WhatsApp-Image-2021-04-30-at-23.20.38.jpeg?fit=1600%2C1131&ssl=1","width":1600,"height":1131},{"@type":"BreadcrumbList","@id":"https:\/\/olivamorosicristians.es\/exit-en-la-presentacio-de-lexposicio\/#breadcrumb","itemListElement":[{"@type":"ListItem","position":1,"name":"Portada","item":"https:\/\/olivamorosicristians.es\/"},{"@type":"ListItem","position":2,"name":"\u00c8xit en la presentaci\u00f3 de l\u2019exposici\u00f3"}]},{"@type":"WebSite","@id":"https:\/\/olivamorosicristians.es\/#website","url":"https:\/\/olivamorosicristians.es\/","name":"Moros i Cristians Oliva","description":"FMCO","publisher":{"@id":"https:\/\/olivamorosicristians.es\/#organization"},"potentialAction":[{"@type":"SearchAction","target":{"@type":"EntryPoint","urlTemplate":"https:\/\/olivamorosicristians.es\/?s={search_term_string}"},"query-input":{"@type":"PropertyValueSpecification","valueRequired":true,"valueName":"search_term_string"}}],"inLanguage":"es"},{"@type":"Organization","@id":"https:\/\/olivamorosicristians.es\/#organization","name":"La Federaci\u00f3n de Moros y Cristianos de Oliva","url":"https:\/\/olivamorosicristians.es\/","logo":{"@type":"ImageObject","inLanguage":"es","@id":"https:\/\/olivamorosicristians.es\/#\/schema\/logo\/image\/","url":"https:\/\/i2.wp.com\/olivamorosicristians.es\/wp-content\/uploads\/2018\/06\/Icon_FMiCO.png?fit=50%2C50&ssl=1","contentUrl":"https:\/\/i2.wp.com\/olivamorosicristians.es\/wp-content\/uploads\/2018\/06\/Icon_FMiCO.png?fit=50%2C50&ssl=1","width":50,"height":50,"caption":"Federaci\u00f3 de Moros i Cristians - Oliva"},"image":{"@id":"https:\/\/olivamorosicristians.es\/#\/schema\/logo\/image\/"},"sameAs":["https:\/\/www.facebook.com\/federaciodemorosicristiansdoliva\/","https:\/\/www.instagram.com\/morosicristiansoliva\/?hl=es"]},{"@type":"Person","@id":"https:\/\/olivamorosicristians.es\/#\/schema\/person\/21ece052d8816103cad91a2676fd0149","name":"Webmaster","image":{"@type":"ImageObject","inLanguage":"es","@id":"https:\/\/secure.gravatar.com\/avatar\/18de20f14d74abe0c800b423a8b0e24cae6153cb6baeb2c2df80e1cef2117e0d?s=96&d=mm&r=g","url":"https:\/\/secure.gravatar.com\/avatar\/18de20f14d74abe0c800b423a8b0e24cae6153cb6baeb2c2df80e1cef2117e0d?s=96&d=mm&r=g","contentUrl":"https:\/\/secure.gravatar.com\/avatar\/18de20f14d74abe0c800b423a8b0e24cae6153cb6baeb2c2df80e1cef2117e0d?s=96&d=mm&r=g","caption":"Webmaster"},"sameAs":["https:\/\/www.facebook.com\/federaciodemorosicristiansdoliva","https:\/\/www.instagram.com\/morosicristiansoliva\/"]}]}},"jetpack_publicize_connections":[],"jetpack_featured_media_url":"https:\/\/i0.wp.com\/olivamorosicristians.es\/wp-content\/uploads\/2021\/05\/WhatsApp-Image-2021-04-30-at-23.20.38.jpeg?fit=1600%2C1131&ssl=1","jetpack_sharing_enabled":true,"jetpack_shortlink":"https:\/\/wp.me\/pagEx6-2Iz","jetpack-related-posts":[],"_links":{"self":[{"href":"https:\/\/olivamorosicristians.es\/es\/wp-json\/wp\/v2\/posts\/10451","targetHints":{"allow":["GET"]}}],"collection":[{"href":"https:\/\/olivamorosicristians.es\/es\/wp-json\/wp\/v2\/posts"}],"about":[{"href":"https:\/\/olivamorosicristians.es\/es\/wp-json\/wp\/v2\/types\/post"}],"author":[{"embeddable":true,"href":"https:\/\/olivamorosicristians.es\/es\/wp-json\/wp\/v2\/users\/1"}],"replies":[{"embeddable":true,"href":"https:\/\/olivamorosicristians.es\/es\/wp-json\/wp\/v2\/comments?post=10451"}],"version-history":[{"count":3,"href":"https:\/\/olivamorosicristians.es\/es\/wp-json\/wp\/v2\/posts\/10451\/revisions"}],"predecessor-version":[{"id":10456,"href":"https:\/\/olivamorosicristians.es\/es\/wp-json\/wp\/v2\/posts\/10451\/revisions\/10456"}],"wp:featuredmedia":[{"embeddable":true,"href":"https:\/\/olivamorosicristians.es\/es\/wp-json\/wp\/v2\/media\/10452"}],"wp:attachment":[{"href":"https:\/\/olivamorosicristians.es\/es\/wp-json\/wp\/v2\/media?parent=10451"}],"wp:term":[{"taxonomy":"category","embeddable":true,"href":"https:\/\/olivamorosicristians.es\/es\/wp-json\/wp\/v2\/categories?post=10451"},{"taxonomy":"post_tag","embeddable":true,"href":"https:\/\/olivamorosicristians.es\/es\/wp-json\/wp\/v2\/tags?post=10451"}],"curies":[{"name":"wp","href":"https:\/\/api.w.org\/{rel}","templated":true}]}}