{"id":10441,"date":"2021-04-27T21:16:38","date_gmt":"2021-04-27T19:16:38","guid":{"rendered":"https:\/\/olivamorosicristians.es\/?p=10441"},"modified":"2021-04-28T18:50:50","modified_gmt":"2021-04-28T16:50:50","slug":"un-segle-de-records-lexposicio-de-la-fmico","status":"publish","type":"post","link":"https:\/\/olivamorosicristians.es\/es\/un-segle-de-records-lexposicio-de-la-fmico\/","title":{"rendered":"\u00abUn segle de records\u00bb, l\u2019exposici\u00f3 de la FMiCO"},"content":{"rendered":"<p><strong>\u00abUn segle de records\u00bb, l\u2019exposici\u00f3 de la FMiCO per commemorar el Centenari i Cinquantenari de la Festa de Moros i Cristians a Oliva<\/strong><\/p>\n<p><em>La Federaci\u00f3 de Moros i Cristians d\u2019Oliva (FMiCO), amb la col\u00b7laboraci\u00f3 de la regidoria de festes i la regidoria de cultura de l\u2019Ajuntament d\u2019Oliva, ha preparat una exposici\u00f3 per valorar i difondre el patrimoni material de la festa d\u2019Oliva fent un recorregut per 100 anys d\u2019hist\u00f2ria festera<\/em><\/p>\n<p><em>La mostra pret\u00e9n ser un recorregut&nbsp; per les tres etapes de celebraci\u00f3 dels Moros i Cristians a Oliva per mitj\u00e0 de la m\u00fasica, la indument\u00e0ria, testimonis gr\u00e0fics i arxius gr\u00e0fics i textuals, muntat en quatre edificis emblem\u00e0tics del centre hist\u00f2ric de la ciutat<\/em><\/p>\n<p>El <strong>30 d\u2019abril<\/strong> de 2021, a l\u2019<strong>Edifici de l\u2019Enginy<\/strong> d\u2019Oliva, a partir de les <strong>19:00h<\/strong>, es celebrar\u00e0 (amb les l\u00f2giques restriccions per la Covid) l\u2019acte d\u2019<strong>inauguraci\u00f3 de l\u2019exposici\u00f3 \u00abUn segle de records\u00bb <\/strong>que ha preparat la FMICO.<\/p>\n<p>Aquesta exposici\u00f3, emmarcada en les celebracions del Centenari i Cinquantenari de la festa a Oliva que es desplegar\u00e0 entre 2021 i 2025, convida al visitant a fer un recorregut hist\u00f2ric pel patrimoni material&nbsp; i cultural dels Moros i Cristians d\u2019Oliva.<\/p>\n<p>La mostra es podr\u00e0 visitar des del 30 d\u2019abril fins al 31 de maig en diverses seus:<\/p>\n<ol>\n<li><strong> Sala d\u2019exposicions Municipal\/Casa de la Cultura (C\/ Major)<\/strong><\/li>\n<\/ol>\n<p>S\u2019exposa la col\u00b7leccio\u0301 completa dels Cartells de Festes des de 1950 fins a 2019. Els Cartells so\u0301n els elements anunciadors de les festes. En els diversos exemplars exposats es pot apreciar l\u2019evolucio\u0301 tant iconogra\u0300fica com te\u0300cnica de la cartelleria dels u\u0301ltims setanta anys amb motiu de les festes de Moros i Cristians a Oliva.<\/p>\n<ol start=\"2\">\n<li><strong> Torre del Palau Comtal dels Centelles (C\/ de la Comare)<\/strong><\/li>\n<\/ol>\n<p>A la torre sud-oriental del que va ser el Palau dels Comtes d\u2019Oliva, s\u2019exposen, a la planta baixa i primera, un conjunt d\u2019estendarts, banderes i armes.<\/p>\n<p>La planta superior esta\u0300 dedicada a la mu\u0301sica festera relacionada i composta espec\u00edficament per a les festes oliveres. S\u2019exposa un bona seleccio\u0301 de partitures que es complementa amb l&#8217;audici\u00f3 de moltes d\u2019elles.<\/p>\n<ol start=\"3\">\n<li><strong> Museu Etnolo\u0300gic (C\/ Tamarit)<\/strong><\/li>\n<\/ol>\n<p>El conjunt de casals del segle XVI que acullen el Museu Etnolo\u0300gic local, e\u0301s l\u2019a\u0300mbit especial per mostrar el recorregut de les nostres festes en les seues diverses etapes des de fa cent anys. A les seues sales es presenten amb particular cura els RECORDS d\u2019aquests CENT ANYS que motiven l&#8217;exposici\u00f3.<\/p>\n<p>Al primer pis s\u2019exposa una seleccio\u0301 iconogra\u0300fica dels dos primer moments de la festa. Trobarem els escassos testimonis conservats dels anys 20 del segle passat. Entranyables fotografies i reproduccions dels vestits que desfilaren en aquells festejos acrediten aquests inicis de la festa.<\/p>\n<p>Al segon pis, elements i documents de l\u2019actual etapa festera, i un audiovisual que recull gran part de la nostra hist\u00f2ria.<\/p>\n<p><strong>4.-Enginy del Sucre (C\/Constitucio\u0301)<\/strong><\/p>\n<p>A l\u2019interior d\u2019aquest emblem\u00e0tic edifici, recentment restaurat, es desplega el conjunt colorit i fantasi\u00f3s de les indument\u00e0ries de totes les filades de la festa olivera. S\u00f3n els vestits de gal\u00b7la que cadascuna de les filades utilitza en els actes oficials i en les Entrades. En aquest punt, finalitzaria l\u2019itinerari de l\u2019exposici\u00f3 intitulada \u00abUn segle de records\u00bb.<\/p>\n<p>Aquesta magna exposici\u00f3 ha estat <strong>fruit de l\u2019esfor\u00e7 coordinat de nombrosos festers i festeres<\/strong> que ha treballat per recopilar la documentaci\u00f3 i el material que la conformen. Els problem\u00e0tics temps de pand\u00e8mia que vivim s\u2019han convertit en l\u2019oportunitat per erigir <strong>una exposici\u00f3 sense precedents<\/strong> a la ciutat.<\/p>\n<p>Dins el seu context, tan interessant \u00e9s la bandera de <em>Los Tuaregs<\/em> dels anys 50 com el m\u00e9s recent bander\u00ed dels <em>Contrabandistes <\/em>actual. A trav\u00e9s de l\u2019exposici\u00f3 es pot veure el constant creixement i la imparable millora de la Festa que els participants han fet al llarg de tot un segle, mitjan\u00e7ant els testimonis que ens han arribat fins el dia de hui, ja siguen les col\u00b7leccions de cartells, de partitures, de llibres de festes, vestits, armes, estendarts, documents i tantes altres coses.<\/p>\n<p>El resultat de l\u2019exposici\u00f3 \u00abUn segle de records\u00bb te el seu embri\u00f3 en tot un seguit de treballs de recull i arxiu de tots els testimonis materials i humans del passat de la nostra festa que est\u00e0 vertebrant-se en l\u2019estudi sociol\u00f2gic i hist\u00f2ric de la festa coordinat per la Federaci\u00f3 de Moros i Cristians d\u2019Oliva i la \u00abComissi\u00f3 del Centenari\u00bb, amb la col\u00b7laboraci\u00f3 de la Universitat de Val\u00e8ncia.<\/p>\n<p><strong>\u00abUn segle de records\u00bb s\u2019emmarca en les celebracions del Centenari i Cinquantenari dels Moros i Cristians d\u2019Oliva<\/strong>, que es celebraran entre 2021 i 2025, i tenen com a objectiu \u00faltim con\u00e8ixer el passat per construir un futur m\u00e9s s\u00f2lid. Les celebracions d\u2019aquesta fita hist\u00f2rica pretenen marcar un abans i un despr\u00e9s en la nostra festa.<\/p>\n\n\n<figure class=\"wp-block-image size-large\"><img data-recalc-dims=\"1\" loading=\"lazy\" decoding=\"async\" width=\"960\" height=\"198\" data-attachment-id=\"10449\" data-permalink=\"https:\/\/olivamorosicristians.es\/es\/un-segle-de-records-lexposicio-de-la-fmico\/logos-participantes\/\" data-orig-file=\"https:\/\/i0.wp.com\/olivamorosicristians.es\/wp-content\/uploads\/2021\/04\/LOGOS-PARTICIPANTES.jpeg?fit=960%2C198&amp;ssl=1\" data-orig-size=\"960,198\" data-comments-opened=\"0\" data-image-meta=\"{&quot;aperture&quot;:&quot;0&quot;,&quot;credit&quot;:&quot;&quot;,&quot;camera&quot;:&quot;&quot;,&quot;caption&quot;:&quot;&quot;,&quot;created_timestamp&quot;:&quot;0&quot;,&quot;copyright&quot;:&quot;&quot;,&quot;focal_length&quot;:&quot;0&quot;,&quot;iso&quot;:&quot;0&quot;,&quot;shutter_speed&quot;:&quot;0&quot;,&quot;title&quot;:&quot;&quot;,&quot;orientation&quot;:&quot;0&quot;}\" data-image-title=\"LOGOS-PARTICIPANTES\" data-image-description=\"\" data-image-caption=\"\" data-large-file=\"https:\/\/i0.wp.com\/olivamorosicristians.es\/wp-content\/uploads\/2021\/04\/LOGOS-PARTICIPANTES.jpeg?fit=960%2C198&amp;ssl=1\" src=\"https:\/\/i0.wp.com\/olivamorosicristians.es\/wp-content\/uploads\/2021\/04\/LOGOS-PARTICIPANTES.jpeg?resize=960%2C198&#038;ssl=1\" alt=\"\" class=\"wp-image-10449\" srcset=\"https:\/\/i0.wp.com\/olivamorosicristians.es\/wp-content\/uploads\/2021\/04\/LOGOS-PARTICIPANTES.jpeg?w=960&amp;ssl=1 960w, https:\/\/i0.wp.com\/olivamorosicristians.es\/wp-content\/uploads\/2021\/04\/LOGOS-PARTICIPANTES.jpeg?resize=300%2C62&amp;ssl=1 300w, https:\/\/i0.wp.com\/olivamorosicristians.es\/wp-content\/uploads\/2021\/04\/LOGOS-PARTICIPANTES.jpeg?resize=768%2C158&amp;ssl=1 768w, https:\/\/i0.wp.com\/olivamorosicristians.es\/wp-content\/uploads\/2021\/04\/LOGOS-PARTICIPANTES.jpeg?resize=640%2C132&amp;ssl=1 640w\" sizes=\"auto, (max-width: 960px) 100vw, 960px\" \/><\/figure>","protected":false},"excerpt":{"rendered":"<p>\u00abUn segle de records\u00bb, l\u2019exposici\u00f3 de la FMiCO per commemorar el Centenari i Cinquantenari de la Festa de Moros i Cristians a Oliva La Federaci\u00f3 de Moros i Cristians d\u2019Oliva (FMiCO), amb la col\u00b7laboraci\u00f3 de la regidoria de festes i la regidoria de cultura de l\u2019Ajuntament d\u2019Oliva, ha preparat una exposici\u00f3 per valorar i difondre [&hellip;]<\/p>\n","protected":false},"author":1,"featured_media":10447,"comment_status":"closed","ping_status":"open","sticky":false,"template":"","format":"standard","meta":{"jetpack_post_was_ever_published":false,"_jetpack_newsletter_access":"","_jetpack_dont_email_post_to_subs":false,"_jetpack_newsletter_tier_id":0,"_jetpack_memberships_contains_paywalled_content":false,"_jetpack_memberships_contains_paid_content":false,"footnotes":"","jetpack_publicize_message":"","jetpack_publicize_feature_enabled":true,"jetpack_social_post_already_shared":true,"jetpack_social_options":{"image_generator_settings":{"template":"highway","default_image_id":0,"font":"","enabled":false},"version":2}},"categories":[149,8],"tags":[],"class_list":["post-10441","post","type-post","status-publish","format-standard","has-post-thumbnail","hentry","category-esdeveniments","category-historia"],"yoast_head":"<!-- This site is optimized with the Yoast SEO plugin v27.4 - https:\/\/yoast.com\/product\/yoast-seo-wordpress\/ -->\n<title>\u00abUn segle de records\u00bb, l\u2019exposici\u00f3 de la FMiCO - Moros i Cristians Oliva<\/title>\n<meta name=\"robots\" content=\"index, follow, max-snippet:-1, max-image-preview:large, max-video-preview:-1\" \/>\n<link rel=\"canonical\" href=\"https:\/\/olivamorosicristians.es\/es\/un-segle-de-records-lexposicio-de-la-fmico\/\" \/>\n<meta property=\"og:locale\" content=\"es_ES\" \/>\n<meta property=\"og:type\" content=\"article\" \/>\n<meta property=\"og:title\" content=\"\u00abUn segle de records\u00bb, l\u2019exposici\u00f3 de la FMiCO - Moros i Cristians Oliva\" \/>\n<meta property=\"og:description\" content=\"\u00abUn segle de records\u00bb, l\u2019exposici\u00f3 de la FMiCO per commemorar el Centenari i Cinquantenari de la Festa de Moros i Cristians a Oliva La Federaci\u00f3 de Moros i Cristians d\u2019Oliva (FMiCO), amb la col\u00b7laboraci\u00f3 de la regidoria de festes i la regidoria de cultura de l\u2019Ajuntament d\u2019Oliva, ha preparat una exposici\u00f3 per valorar i difondre [&hellip;]\" \/>\n<meta property=\"og:url\" content=\"https:\/\/olivamorosicristians.es\/es\/un-segle-de-records-lexposicio-de-la-fmico\/\" \/>\n<meta property=\"og:site_name\" content=\"Moros i Cristians Oliva\" \/>\n<meta property=\"article:publisher\" content=\"https:\/\/www.facebook.com\/federaciodemorosicristiansdoliva\/\" \/>\n<meta property=\"article:author\" content=\"https:\/\/www.facebook.com\/federaciodemorosicristiansdoliva\" \/>\n<meta property=\"article:published_time\" content=\"2021-04-27T19:16:38+00:00\" \/>\n<meta property=\"article:modified_time\" content=\"2021-04-28T16:50:50+00:00\" \/>\n<meta property=\"og:image\" content=\"https:\/\/i0.wp.com\/olivamorosicristians.es\/wp-content\/uploads\/2021\/04\/CARTEL-FORMATO-RECTANGULO.jpeg?fit=960%2C540&ssl=1\" \/>\n\t<meta property=\"og:image:width\" content=\"960\" \/>\n\t<meta property=\"og:image:height\" content=\"540\" \/>\n\t<meta property=\"og:image:type\" content=\"image\/jpeg\" \/>\n<meta name=\"author\" content=\"Webmaster\" \/>\n<meta name=\"twitter:card\" content=\"summary_large_image\" \/>\n<meta name=\"twitter:label1\" content=\"Escrito por\" \/>\n\t<meta name=\"twitter:data1\" content=\"Webmaster\" \/>\n\t<meta name=\"twitter:label2\" content=\"Tiempo de lectura\" \/>\n\t<meta name=\"twitter:data2\" content=\"4 minutos\" \/>\n<script type=\"application\/ld+json\" class=\"yoast-schema-graph\">{\"@context\":\"https:\\\/\\\/schema.org\",\"@graph\":[{\"@type\":\"Article\",\"@id\":\"https:\\\/\\\/olivamorosicristians.es\\\/un-segle-de-records-lexposicio-de-la-fmico\\\/#article\",\"isPartOf\":{\"@id\":\"https:\\\/\\\/olivamorosicristians.es\\\/un-segle-de-records-lexposicio-de-la-fmico\\\/\"},\"author\":{\"name\":\"Webmaster\",\"@id\":\"https:\\\/\\\/olivamorosicristians.es\\\/#\\\/schema\\\/person\\\/21ece052d8816103cad91a2676fd0149\"},\"headline\":\"\u00abUn segle de records\u00bb, l\u2019exposici\u00f3 de la FMiCO\",\"datePublished\":\"2021-04-27T19:16:38+00:00\",\"dateModified\":\"2021-04-28T16:50:50+00:00\",\"mainEntityOfPage\":{\"@id\":\"https:\\\/\\\/olivamorosicristians.es\\\/un-segle-de-records-lexposicio-de-la-fmico\\\/\"},\"wordCount\":855,\"publisher\":{\"@id\":\"https:\\\/\\\/olivamorosicristians.es\\\/#organization\"},\"image\":{\"@id\":\"https:\\\/\\\/olivamorosicristians.es\\\/un-segle-de-records-lexposicio-de-la-fmico\\\/#primaryimage\"},\"thumbnailUrl\":\"https:\\\/\\\/i0.wp.com\\\/olivamorosicristians.es\\\/wp-content\\\/uploads\\\/2021\\\/04\\\/CARTEL-FORMATO-RECTANGULO.jpeg?fit=960%2C540&ssl=1\",\"articleSection\":[\"Esdeveniments\",\"Hist\u00f2ria\"],\"inLanguage\":\"es\"},{\"@type\":\"WebPage\",\"@id\":\"https:\\\/\\\/olivamorosicristians.es\\\/un-segle-de-records-lexposicio-de-la-fmico\\\/\",\"url\":\"https:\\\/\\\/olivamorosicristians.es\\\/un-segle-de-records-lexposicio-de-la-fmico\\\/\",\"name\":\"\u00abUn segle de records\u00bb, l\u2019exposici\u00f3 de la FMiCO - Moros i Cristians Oliva\",\"isPartOf\":{\"@id\":\"https:\\\/\\\/olivamorosicristians.es\\\/#website\"},\"primaryImageOfPage\":{\"@id\":\"https:\\\/\\\/olivamorosicristians.es\\\/un-segle-de-records-lexposicio-de-la-fmico\\\/#primaryimage\"},\"image\":{\"@id\":\"https:\\\/\\\/olivamorosicristians.es\\\/un-segle-de-records-lexposicio-de-la-fmico\\\/#primaryimage\"},\"thumbnailUrl\":\"https:\\\/\\\/i0.wp.com\\\/olivamorosicristians.es\\\/wp-content\\\/uploads\\\/2021\\\/04\\\/CARTEL-FORMATO-RECTANGULO.jpeg?fit=960%2C540&ssl=1\",\"datePublished\":\"2021-04-27T19:16:38+00:00\",\"dateModified\":\"2021-04-28T16:50:50+00:00\",\"breadcrumb\":{\"@id\":\"https:\\\/\\\/olivamorosicristians.es\\\/un-segle-de-records-lexposicio-de-la-fmico\\\/#breadcrumb\"},\"inLanguage\":\"es\",\"potentialAction\":[{\"@type\":\"ReadAction\",\"target\":[\"https:\\\/\\\/olivamorosicristians.es\\\/un-segle-de-records-lexposicio-de-la-fmico\\\/\"]}]},{\"@type\":\"ImageObject\",\"inLanguage\":\"es\",\"@id\":\"https:\\\/\\\/olivamorosicristians.es\\\/un-segle-de-records-lexposicio-de-la-fmico\\\/#primaryimage\",\"url\":\"https:\\\/\\\/i0.wp.com\\\/olivamorosicristians.es\\\/wp-content\\\/uploads\\\/2021\\\/04\\\/CARTEL-FORMATO-RECTANGULO.jpeg?fit=960%2C540&ssl=1\",\"contentUrl\":\"https:\\\/\\\/i0.wp.com\\\/olivamorosicristians.es\\\/wp-content\\\/uploads\\\/2021\\\/04\\\/CARTEL-FORMATO-RECTANGULO.jpeg?fit=960%2C540&ssl=1\",\"width\":960,\"height\":540},{\"@type\":\"BreadcrumbList\",\"@id\":\"https:\\\/\\\/olivamorosicristians.es\\\/un-segle-de-records-lexposicio-de-la-fmico\\\/#breadcrumb\",\"itemListElement\":[{\"@type\":\"ListItem\",\"position\":1,\"name\":\"Portada\",\"item\":\"https:\\\/\\\/olivamorosicristians.es\\\/\"},{\"@type\":\"ListItem\",\"position\":2,\"name\":\"\u00abUn segle de records\u00bb, l\u2019exposici\u00f3 de la FMiCO\"}]},{\"@type\":\"WebSite\",\"@id\":\"https:\\\/\\\/olivamorosicristians.es\\\/#website\",\"url\":\"https:\\\/\\\/olivamorosicristians.es\\\/\",\"name\":\"Moros i Cristians Oliva\",\"description\":\"FMCO\",\"publisher\":{\"@id\":\"https:\\\/\\\/olivamorosicristians.es\\\/#organization\"},\"potentialAction\":[{\"@type\":\"SearchAction\",\"target\":{\"@type\":\"EntryPoint\",\"urlTemplate\":\"https:\\\/\\\/olivamorosicristians.es\\\/?s={search_term_string}\"},\"query-input\":{\"@type\":\"PropertyValueSpecification\",\"valueRequired\":true,\"valueName\":\"search_term_string\"}}],\"inLanguage\":\"es\"},{\"@type\":\"Organization\",\"@id\":\"https:\\\/\\\/olivamorosicristians.es\\\/#organization\",\"name\":\"Federaci\u00f3 de Moros i Cristians - Oliva\",\"url\":\"https:\\\/\\\/olivamorosicristians.es\\\/\",\"logo\":{\"@type\":\"ImageObject\",\"inLanguage\":\"es\",\"@id\":\"https:\\\/\\\/olivamorosicristians.es\\\/#\\\/schema\\\/logo\\\/image\\\/\",\"url\":\"https:\\\/\\\/i2.wp.com\\\/olivamorosicristians.es\\\/wp-content\\\/uploads\\\/2018\\\/06\\\/Icon_FMiCO.png?fit=50%2C50&ssl=1\",\"contentUrl\":\"https:\\\/\\\/i2.wp.com\\\/olivamorosicristians.es\\\/wp-content\\\/uploads\\\/2018\\\/06\\\/Icon_FMiCO.png?fit=50%2C50&ssl=1\",\"width\":50,\"height\":50,\"caption\":\"Federaci\u00f3 de Moros i Cristians - Oliva\"},\"image\":{\"@id\":\"https:\\\/\\\/olivamorosicristians.es\\\/#\\\/schema\\\/logo\\\/image\\\/\"},\"sameAs\":[\"https:\\\/\\\/www.facebook.com\\\/federaciodemorosicristiansdoliva\\\/\",\"https:\\\/\\\/www.instagram.com\\\/morosicristiansoliva\\\/?hl=es\"]},{\"@type\":\"Person\",\"@id\":\"https:\\\/\\\/olivamorosicristians.es\\\/#\\\/schema\\\/person\\\/21ece052d8816103cad91a2676fd0149\",\"name\":\"Webmaster\",\"image\":{\"@type\":\"ImageObject\",\"inLanguage\":\"es\",\"@id\":\"https:\\\/\\\/secure.gravatar.com\\\/avatar\\\/18de20f14d74abe0c800b423a8b0e24cae6153cb6baeb2c2df80e1cef2117e0d?s=96&d=mm&r=g\",\"url\":\"https:\\\/\\\/secure.gravatar.com\\\/avatar\\\/18de20f14d74abe0c800b423a8b0e24cae6153cb6baeb2c2df80e1cef2117e0d?s=96&d=mm&r=g\",\"contentUrl\":\"https:\\\/\\\/secure.gravatar.com\\\/avatar\\\/18de20f14d74abe0c800b423a8b0e24cae6153cb6baeb2c2df80e1cef2117e0d?s=96&d=mm&r=g\",\"caption\":\"Webmaster\"},\"sameAs\":[\"https:\\\/\\\/www.facebook.com\\\/federaciodemorosicristiansdoliva\",\"https:\\\/\\\/www.instagram.com\\\/morosicristiansoliva\\\/\"]}]}<\/script>\n<!-- \/ Yoast SEO plugin. -->","yoast_head_json":{"title":"\u00abUn segle de records\u00bb, l\u2019exposici\u00f3 de la FMiCO - Moros i Cristians Oliva","robots":{"index":"index","follow":"follow","max-snippet":"max-snippet:-1","max-image-preview":"max-image-preview:large","max-video-preview":"max-video-preview:-1"},"canonical":"https:\/\/olivamorosicristians.es\/es\/un-segle-de-records-lexposicio-de-la-fmico\/","og_locale":"es_ES","og_type":"article","og_title":"\u00abUn segle de records\u00bb, l\u2019exposici\u00f3 de la FMiCO - Moros i Cristians Oliva","og_description":"\u00abUn segle de records\u00bb, l\u2019exposici\u00f3 de la FMiCO per commemorar el Centenari i Cinquantenari de la Festa de Moros i Cristians a Oliva La Federaci\u00f3 de Moros i Cristians d\u2019Oliva (FMiCO), amb la col\u00b7laboraci\u00f3 de la regidoria de festes i la regidoria de cultura de l\u2019Ajuntament d\u2019Oliva, ha preparat una exposici\u00f3 per valorar i difondre [&hellip;]","og_url":"https:\/\/olivamorosicristians.es\/es\/un-segle-de-records-lexposicio-de-la-fmico\/","og_site_name":"Moros i Cristians Oliva","article_publisher":"https:\/\/www.facebook.com\/federaciodemorosicristiansdoliva\/","article_author":"https:\/\/www.facebook.com\/federaciodemorosicristiansdoliva","article_published_time":"2021-04-27T19:16:38+00:00","article_modified_time":"2021-04-28T16:50:50+00:00","og_image":[{"width":960,"height":540,"url":"https:\/\/i0.wp.com\/olivamorosicristians.es\/wp-content\/uploads\/2021\/04\/CARTEL-FORMATO-RECTANGULO.jpeg?fit=960%2C540&ssl=1","type":"image\/jpeg"}],"author":"Webmaster","twitter_card":"summary_large_image","twitter_misc":{"Escrito por":"Webmaster","Tiempo de lectura":"4 minutos"},"schema":{"@context":"https:\/\/schema.org","@graph":[{"@type":"Article","@id":"https:\/\/olivamorosicristians.es\/un-segle-de-records-lexposicio-de-la-fmico\/#article","isPartOf":{"@id":"https:\/\/olivamorosicristians.es\/un-segle-de-records-lexposicio-de-la-fmico\/"},"author":{"name":"Webmaster","@id":"https:\/\/olivamorosicristians.es\/#\/schema\/person\/21ece052d8816103cad91a2676fd0149"},"headline":"\u00abUn segle de records\u00bb, l\u2019exposici\u00f3 de la FMiCO","datePublished":"2021-04-27T19:16:38+00:00","dateModified":"2021-04-28T16:50:50+00:00","mainEntityOfPage":{"@id":"https:\/\/olivamorosicristians.es\/un-segle-de-records-lexposicio-de-la-fmico\/"},"wordCount":855,"publisher":{"@id":"https:\/\/olivamorosicristians.es\/#organization"},"image":{"@id":"https:\/\/olivamorosicristians.es\/un-segle-de-records-lexposicio-de-la-fmico\/#primaryimage"},"thumbnailUrl":"https:\/\/i0.wp.com\/olivamorosicristians.es\/wp-content\/uploads\/2021\/04\/CARTEL-FORMATO-RECTANGULO.jpeg?fit=960%2C540&ssl=1","articleSection":["Esdeveniments","Hist\u00f2ria"],"inLanguage":"es"},{"@type":"WebPage","@id":"https:\/\/olivamorosicristians.es\/un-segle-de-records-lexposicio-de-la-fmico\/","url":"https:\/\/olivamorosicristians.es\/un-segle-de-records-lexposicio-de-la-fmico\/","name":"\u00abUn segle de records\u00bb, l\u2019exposici\u00f3 de la FMiCO - Moros i Cristians Oliva","isPartOf":{"@id":"https:\/\/olivamorosicristians.es\/#website"},"primaryImageOfPage":{"@id":"https:\/\/olivamorosicristians.es\/un-segle-de-records-lexposicio-de-la-fmico\/#primaryimage"},"image":{"@id":"https:\/\/olivamorosicristians.es\/un-segle-de-records-lexposicio-de-la-fmico\/#primaryimage"},"thumbnailUrl":"https:\/\/i0.wp.com\/olivamorosicristians.es\/wp-content\/uploads\/2021\/04\/CARTEL-FORMATO-RECTANGULO.jpeg?fit=960%2C540&ssl=1","datePublished":"2021-04-27T19:16:38+00:00","dateModified":"2021-04-28T16:50:50+00:00","breadcrumb":{"@id":"https:\/\/olivamorosicristians.es\/un-segle-de-records-lexposicio-de-la-fmico\/#breadcrumb"},"inLanguage":"es","potentialAction":[{"@type":"ReadAction","target":["https:\/\/olivamorosicristians.es\/un-segle-de-records-lexposicio-de-la-fmico\/"]}]},{"@type":"ImageObject","inLanguage":"es","@id":"https:\/\/olivamorosicristians.es\/un-segle-de-records-lexposicio-de-la-fmico\/#primaryimage","url":"https:\/\/i0.wp.com\/olivamorosicristians.es\/wp-content\/uploads\/2021\/04\/CARTEL-FORMATO-RECTANGULO.jpeg?fit=960%2C540&ssl=1","contentUrl":"https:\/\/i0.wp.com\/olivamorosicristians.es\/wp-content\/uploads\/2021\/04\/CARTEL-FORMATO-RECTANGULO.jpeg?fit=960%2C540&ssl=1","width":960,"height":540},{"@type":"BreadcrumbList","@id":"https:\/\/olivamorosicristians.es\/un-segle-de-records-lexposicio-de-la-fmico\/#breadcrumb","itemListElement":[{"@type":"ListItem","position":1,"name":"Portada","item":"https:\/\/olivamorosicristians.es\/"},{"@type":"ListItem","position":2,"name":"\u00abUn segle de records\u00bb, l\u2019exposici\u00f3 de la FMiCO"}]},{"@type":"WebSite","@id":"https:\/\/olivamorosicristians.es\/#website","url":"https:\/\/olivamorosicristians.es\/","name":"Moros i Cristians Oliva","description":"FMCO","publisher":{"@id":"https:\/\/olivamorosicristians.es\/#organization"},"potentialAction":[{"@type":"SearchAction","target":{"@type":"EntryPoint","urlTemplate":"https:\/\/olivamorosicristians.es\/?s={search_term_string}"},"query-input":{"@type":"PropertyValueSpecification","valueRequired":true,"valueName":"search_term_string"}}],"inLanguage":"es"},{"@type":"Organization","@id":"https:\/\/olivamorosicristians.es\/#organization","name":"La Federaci\u00f3n de Moros y Cristianos de Oliva","url":"https:\/\/olivamorosicristians.es\/","logo":{"@type":"ImageObject","inLanguage":"es","@id":"https:\/\/olivamorosicristians.es\/#\/schema\/logo\/image\/","url":"https:\/\/i2.wp.com\/olivamorosicristians.es\/wp-content\/uploads\/2018\/06\/Icon_FMiCO.png?fit=50%2C50&ssl=1","contentUrl":"https:\/\/i2.wp.com\/olivamorosicristians.es\/wp-content\/uploads\/2018\/06\/Icon_FMiCO.png?fit=50%2C50&ssl=1","width":50,"height":50,"caption":"Federaci\u00f3 de Moros i Cristians - Oliva"},"image":{"@id":"https:\/\/olivamorosicristians.es\/#\/schema\/logo\/image\/"},"sameAs":["https:\/\/www.facebook.com\/federaciodemorosicristiansdoliva\/","https:\/\/www.instagram.com\/morosicristiansoliva\/?hl=es"]},{"@type":"Person","@id":"https:\/\/olivamorosicristians.es\/#\/schema\/person\/21ece052d8816103cad91a2676fd0149","name":"Webmaster","image":{"@type":"ImageObject","inLanguage":"es","@id":"https:\/\/secure.gravatar.com\/avatar\/18de20f14d74abe0c800b423a8b0e24cae6153cb6baeb2c2df80e1cef2117e0d?s=96&d=mm&r=g","url":"https:\/\/secure.gravatar.com\/avatar\/18de20f14d74abe0c800b423a8b0e24cae6153cb6baeb2c2df80e1cef2117e0d?s=96&d=mm&r=g","contentUrl":"https:\/\/secure.gravatar.com\/avatar\/18de20f14d74abe0c800b423a8b0e24cae6153cb6baeb2c2df80e1cef2117e0d?s=96&d=mm&r=g","caption":"Webmaster"},"sameAs":["https:\/\/www.facebook.com\/federaciodemorosicristiansdoliva","https:\/\/www.instagram.com\/morosicristiansoliva\/"]}]}},"jetpack_publicize_connections":[],"jetpack_featured_media_url":"https:\/\/i0.wp.com\/olivamorosicristians.es\/wp-content\/uploads\/2021\/04\/CARTEL-FORMATO-RECTANGULO.jpeg?fit=960%2C540&ssl=1","jetpack_sharing_enabled":true,"jetpack_shortlink":"https:\/\/wp.me\/pagEx6-2Ip","jetpack-related-posts":[],"_links":{"self":[{"href":"https:\/\/olivamorosicristians.es\/es\/wp-json\/wp\/v2\/posts\/10441","targetHints":{"allow":["GET"]}}],"collection":[{"href":"https:\/\/olivamorosicristians.es\/es\/wp-json\/wp\/v2\/posts"}],"about":[{"href":"https:\/\/olivamorosicristians.es\/es\/wp-json\/wp\/v2\/types\/post"}],"author":[{"embeddable":true,"href":"https:\/\/olivamorosicristians.es\/es\/wp-json\/wp\/v2\/users\/1"}],"replies":[{"embeddable":true,"href":"https:\/\/olivamorosicristians.es\/es\/wp-json\/wp\/v2\/comments?post=10441"}],"version-history":[{"count":3,"href":"https:\/\/olivamorosicristians.es\/es\/wp-json\/wp\/v2\/posts\/10441\/revisions"}],"predecessor-version":[{"id":10450,"href":"https:\/\/olivamorosicristians.es\/es\/wp-json\/wp\/v2\/posts\/10441\/revisions\/10450"}],"wp:featuredmedia":[{"embeddable":true,"href":"https:\/\/olivamorosicristians.es\/es\/wp-json\/wp\/v2\/media\/10447"}],"wp:attachment":[{"href":"https:\/\/olivamorosicristians.es\/es\/wp-json\/wp\/v2\/media?parent=10441"}],"wp:term":[{"taxonomy":"category","embeddable":true,"href":"https:\/\/olivamorosicristians.es\/es\/wp-json\/wp\/v2\/categories?post=10441"},{"taxonomy":"post_tag","embeddable":true,"href":"https:\/\/olivamorosicristians.es\/es\/wp-json\/wp\/v2\/tags?post=10441"}],"curies":[{"name":"wp","href":"https:\/\/api.w.org\/{rel}","templated":true}]}}