{"id":10281,"date":"2021-02-11T19:51:35","date_gmt":"2021-02-11T17:51:35","guid":{"rendered":"https:\/\/olivamorosicristians.es\/?p=10281"},"modified":"2021-02-23T20:42:13","modified_gmt":"2021-02-23T18:42:13","slug":"tornem-a-la-radio-amb-un-programa-especial-per-al-mig-any","status":"publish","type":"post","link":"https:\/\/olivamorosicristians.es\/es\/tornem-a-la-radio-amb-un-programa-especial-per-al-mig-any\/","title":{"rendered":"Tornem a la r\u00e0dio amb un programa especial per al Mig Any."},"content":{"rendered":"<p>\ud835\udde3\ud835\udde5\ud835\udde2\ud835\uddda\ud835\udde5\ud835\uddd4\ud835\udde0\ud835\uddd4 \ud835\uddd8\ud835\udde6\ud835\udde3\ud835\uddd8\ud835\uddd6\ud835\udddc\ud835\uddd4\ud835\udddf \ud835\udde0\ud835\udddc\ud835\uddda \ud835\uddd4\ud835\udde1\ud835\uddec<\/p>\n<p>Despr\u00e9s de llan\u00e7ar-nos a l\u2019aventura el passat mes de juliol amb els programes dedicats a les nostres festes, aquest dissabte tornem amb les piles carregades.<\/p>\n<p>Aquest dissabte dia <strong>13 de febrer<\/strong>, a partir de les <strong>12:00<\/strong>, ens podr\u00e0s escoltar a trav\u00e9s de <u>VCF R\u00c0DIO SAFOR<\/u> , on tindrem la tert\u00falia dels nostres locutors, entrevistes i on podreu participar telefonant al 689 807 073.<\/p>\n<p>No vos avan\u00e7arem res m\u00e9s, si voleu saber qu\u00e8 passar\u00e0 aquest dia tan assenyalat per a tots nosaltres, no falteu a la cita i escolteu-nos!<\/p>\n<p><strong>Recordeu:<\/strong><\/p>\n<p>13 de febrer<\/p>\n<p>\ud83d\udd5b 12:00<\/p>\n<p>\ud83d\udcfb 87.6 FM<\/p>\n<p>\ud83d\udcbb <a href=\"https:\/\/www.radiosafor.com\/\">www.radiosafor.com<\/a><\/p>\n<p>Durant tot el dia del mig any posarem en marxa una difusi\u00f3 d\u2019imatges i records d\u2019altres anys acompanyats del #olivafaoloraputxero, puja la teua foto i etiqueta\u2019ns en Facebook e Instagram.<\/p>\n<p>Des de la FMICO volem donar les gr\u00e0cies a VCF R\u00c0DIO per l&#8217;oportunitat de tornar a la r\u00e0dio i de celebrar el mig any d&#8217;una forma diferent.<\/p>\n<p style=\"text-align: center\"><strong>Dissabte #Olivafaoloraputxero <\/strong><\/p>\n<p><\/p>\n\n\n<figure class=\"wp-block-video aligncenter\"><video height=\"712\" style=\"aspect-ratio: 640 \/ 712;\" width=\"640\" controls src=\"https:\/\/olivamorosicristians.es\/wp-content\/uploads\/2021\/02\/WhatsApp-Video-10mb-baixa-resolucio.mp4\"><\/video><\/figure>","protected":false},"excerpt":{"rendered":"<p>\ud835\udde3\ud835\udde5\ud835\udde2\ud835\uddda\ud835\udde5\ud835\uddd4\ud835\udde0\ud835\uddd4 \ud835\uddd8\ud835\udde6\ud835\udde3\ud835\uddd8\ud835\uddd6\ud835\udddc\ud835\uddd4\ud835\udddf \ud835\udde0\ud835\udddc\ud835\uddda \ud835\uddd4\ud835\udde1\ud835\uddec Despr\u00e9s de llan\u00e7ar-nos a l\u2019aventura el passat mes de juliol amb els programes dedicats a les nostres festes, aquest dissabte tornem amb les piles carregades. Aquest dissabte dia 13 de febrer, a partir de les 12:00, ens podr\u00e0s escoltar a trav\u00e9s de VCF R\u00c0DIO SAFOR , on tindrem la tert\u00falia dels [&hellip;]<\/p>\n","protected":false},"author":1,"featured_media":10283,"comment_status":"closed","ping_status":"open","sticky":false,"template":"","format":"standard","meta":{"jetpack_post_was_ever_published":false,"_jetpack_newsletter_access":"","_jetpack_dont_email_post_to_subs":false,"_jetpack_newsletter_tier_id":0,"_jetpack_memberships_contains_paywalled_content":false,"_jetpack_memberships_contains_paid_content":false,"footnotes":"","jetpack_publicize_message":"","jetpack_publicize_feature_enabled":true,"jetpack_social_post_already_shared":true,"jetpack_social_options":{"image_generator_settings":{"template":"highway","default_image_id":0,"font":"","enabled":false},"version":2}},"categories":[149,2,9,138],"tags":[],"class_list":["post-10281","post","type-post","status-publish","format-standard","has-post-thumbnail","hentry","category-esdeveniments","category-federacio","category-festa","category-mitjans-de-comunicacio"],"yoast_head":"<!-- This site is optimized with the Yoast SEO plugin v27.4 - https:\/\/yoast.com\/product\/yoast-seo-wordpress\/ -->\n<title>Tornem a la r\u00e0dio amb un programa especial per al Mig Any. - Moros i Cristians Oliva<\/title>\n<meta name=\"robots\" content=\"index, follow, max-snippet:-1, max-image-preview:large, max-video-preview:-1\" \/>\n<link rel=\"canonical\" href=\"https:\/\/olivamorosicristians.es\/es\/tornem-a-la-radio-amb-un-programa-especial-per-al-mig-any\/\" \/>\n<meta property=\"og:locale\" content=\"es_ES\" \/>\n<meta property=\"og:type\" content=\"article\" \/>\n<meta property=\"og:title\" content=\"Tornem a la r\u00e0dio amb un programa especial per al Mig Any. - Moros i Cristians Oliva\" \/>\n<meta property=\"og:description\" content=\"\ud835\udde3\ud835\udde5\ud835\udde2\ud835\uddda\ud835\udde5\ud835\uddd4\ud835\udde0\ud835\uddd4 \ud835\uddd8\ud835\udde6\ud835\udde3\ud835\uddd8\ud835\uddd6\ud835\udddc\ud835\uddd4\ud835\udddf \ud835\udde0\ud835\udddc\ud835\uddda \ud835\uddd4\ud835\udde1\ud835\uddec Despr\u00e9s de llan\u00e7ar-nos a l\u2019aventura el passat mes de juliol amb els programes dedicats a les nostres festes, aquest dissabte tornem amb les piles carregades. Aquest dissabte dia 13 de febrer, a partir de les 12:00, ens podr\u00e0s escoltar a trav\u00e9s de VCF R\u00c0DIO SAFOR , on tindrem la tert\u00falia dels [&hellip;]\" \/>\n<meta property=\"og:url\" content=\"https:\/\/olivamorosicristians.es\/es\/tornem-a-la-radio-amb-un-programa-especial-per-al-mig-any\/\" \/>\n<meta property=\"og:site_name\" content=\"Moros i Cristians Oliva\" \/>\n<meta property=\"article:publisher\" content=\"https:\/\/www.facebook.com\/federaciodemorosicristiansdoliva\/\" \/>\n<meta property=\"article:author\" content=\"https:\/\/www.facebook.com\/federaciodemorosicristiansdoliva\" \/>\n<meta property=\"article:published_time\" content=\"2021-02-11T17:51:35+00:00\" \/>\n<meta property=\"article:modified_time\" content=\"2021-02-23T18:42:13+00:00\" \/>\n<meta property=\"og:image\" content=\"https:\/\/i2.wp.com\/olivamorosicristians.es\/wp-content\/uploads\/2021\/02\/Mesa-de-whatsapp1-100.jpg?fit=901%2C1001&ssl=1\" \/>\n\t<meta property=\"og:image:width\" content=\"901\" \/>\n\t<meta property=\"og:image:height\" content=\"1001\" \/>\n\t<meta property=\"og:image:type\" content=\"image\/jpeg\" \/>\n<meta name=\"author\" content=\"Webmaster\" \/>\n<meta name=\"twitter:card\" content=\"summary_large_image\" \/>\n<meta name=\"twitter:label1\" content=\"Escrito por\" \/>\n\t<meta name=\"twitter:data1\" content=\"Webmaster\" \/>\n\t<meta name=\"twitter:label2\" content=\"Tiempo de lectura\" \/>\n\t<meta name=\"twitter:data2\" content=\"1 minuto\" \/>\n<script type=\"application\/ld+json\" class=\"yoast-schema-graph\">{\"@context\":\"https:\\\/\\\/schema.org\",\"@graph\":[{\"@type\":\"Article\",\"@id\":\"https:\\\/\\\/olivamorosicristians.es\\\/tornem-a-la-radio-amb-un-programa-especial-per-al-mig-any\\\/#article\",\"isPartOf\":{\"@id\":\"https:\\\/\\\/olivamorosicristians.es\\\/tornem-a-la-radio-amb-un-programa-especial-per-al-mig-any\\\/\"},\"author\":{\"name\":\"Webmaster\",\"@id\":\"https:\\\/\\\/olivamorosicristians.es\\\/#\\\/schema\\\/person\\\/21ece052d8816103cad91a2676fd0149\"},\"headline\":\"Tornem a la r\u00e0dio amb un programa especial per al Mig Any.\",\"datePublished\":\"2021-02-11T17:51:35+00:00\",\"dateModified\":\"2021-02-23T18:42:13+00:00\",\"mainEntityOfPage\":{\"@id\":\"https:\\\/\\\/olivamorosicristians.es\\\/tornem-a-la-radio-amb-un-programa-especial-per-al-mig-any\\\/\"},\"wordCount\":178,\"publisher\":{\"@id\":\"https:\\\/\\\/olivamorosicristians.es\\\/#organization\"},\"image\":{\"@id\":\"https:\\\/\\\/olivamorosicristians.es\\\/tornem-a-la-radio-amb-un-programa-especial-per-al-mig-any\\\/#primaryimage\"},\"thumbnailUrl\":\"https:\\\/\\\/i0.wp.com\\\/olivamorosicristians.es\\\/wp-content\\\/uploads\\\/2021\\\/02\\\/Mesa-de-whatsapp1-100.jpg?fit=901%2C1001&ssl=1\",\"articleSection\":[\"Esdeveniments\",\"Federaci\u00f3\",\"Festa\",\"Mitjans de comunicaci\u00f3\"],\"inLanguage\":\"es\"},{\"@type\":\"WebPage\",\"@id\":\"https:\\\/\\\/olivamorosicristians.es\\\/tornem-a-la-radio-amb-un-programa-especial-per-al-mig-any\\\/\",\"url\":\"https:\\\/\\\/olivamorosicristians.es\\\/tornem-a-la-radio-amb-un-programa-especial-per-al-mig-any\\\/\",\"name\":\"Tornem a la r\u00e0dio amb un programa especial per al Mig Any. - Moros i Cristians Oliva\",\"isPartOf\":{\"@id\":\"https:\\\/\\\/olivamorosicristians.es\\\/#website\"},\"primaryImageOfPage\":{\"@id\":\"https:\\\/\\\/olivamorosicristians.es\\\/tornem-a-la-radio-amb-un-programa-especial-per-al-mig-any\\\/#primaryimage\"},\"image\":{\"@id\":\"https:\\\/\\\/olivamorosicristians.es\\\/tornem-a-la-radio-amb-un-programa-especial-per-al-mig-any\\\/#primaryimage\"},\"thumbnailUrl\":\"https:\\\/\\\/i0.wp.com\\\/olivamorosicristians.es\\\/wp-content\\\/uploads\\\/2021\\\/02\\\/Mesa-de-whatsapp1-100.jpg?fit=901%2C1001&ssl=1\",\"datePublished\":\"2021-02-11T17:51:35+00:00\",\"dateModified\":\"2021-02-23T18:42:13+00:00\",\"breadcrumb\":{\"@id\":\"https:\\\/\\\/olivamorosicristians.es\\\/tornem-a-la-radio-amb-un-programa-especial-per-al-mig-any\\\/#breadcrumb\"},\"inLanguage\":\"es\",\"potentialAction\":[{\"@type\":\"ReadAction\",\"target\":[\"https:\\\/\\\/olivamorosicristians.es\\\/tornem-a-la-radio-amb-un-programa-especial-per-al-mig-any\\\/\"]}]},{\"@type\":\"ImageObject\",\"inLanguage\":\"es\",\"@id\":\"https:\\\/\\\/olivamorosicristians.es\\\/tornem-a-la-radio-amb-un-programa-especial-per-al-mig-any\\\/#primaryimage\",\"url\":\"https:\\\/\\\/i0.wp.com\\\/olivamorosicristians.es\\\/wp-content\\\/uploads\\\/2021\\\/02\\\/Mesa-de-whatsapp1-100.jpg?fit=901%2C1001&ssl=1\",\"contentUrl\":\"https:\\\/\\\/i0.wp.com\\\/olivamorosicristians.es\\\/wp-content\\\/uploads\\\/2021\\\/02\\\/Mesa-de-whatsapp1-100.jpg?fit=901%2C1001&ssl=1\",\"width\":901,\"height\":1001},{\"@type\":\"BreadcrumbList\",\"@id\":\"https:\\\/\\\/olivamorosicristians.es\\\/tornem-a-la-radio-amb-un-programa-especial-per-al-mig-any\\\/#breadcrumb\",\"itemListElement\":[{\"@type\":\"ListItem\",\"position\":1,\"name\":\"Portada\",\"item\":\"https:\\\/\\\/olivamorosicristians.es\\\/\"},{\"@type\":\"ListItem\",\"position\":2,\"name\":\"Tornem a la r\u00e0dio amb un programa especial per al Mig Any.\"}]},{\"@type\":\"WebSite\",\"@id\":\"https:\\\/\\\/olivamorosicristians.es\\\/#website\",\"url\":\"https:\\\/\\\/olivamorosicristians.es\\\/\",\"name\":\"Moros i Cristians Oliva\",\"description\":\"FMCO\",\"publisher\":{\"@id\":\"https:\\\/\\\/olivamorosicristians.es\\\/#organization\"},\"potentialAction\":[{\"@type\":\"SearchAction\",\"target\":{\"@type\":\"EntryPoint\",\"urlTemplate\":\"https:\\\/\\\/olivamorosicristians.es\\\/?s={search_term_string}\"},\"query-input\":{\"@type\":\"PropertyValueSpecification\",\"valueRequired\":true,\"valueName\":\"search_term_string\"}}],\"inLanguage\":\"es\"},{\"@type\":\"Organization\",\"@id\":\"https:\\\/\\\/olivamorosicristians.es\\\/#organization\",\"name\":\"Federaci\u00f3 de Moros i Cristians - Oliva\",\"url\":\"https:\\\/\\\/olivamorosicristians.es\\\/\",\"logo\":{\"@type\":\"ImageObject\",\"inLanguage\":\"es\",\"@id\":\"https:\\\/\\\/olivamorosicristians.es\\\/#\\\/schema\\\/logo\\\/image\\\/\",\"url\":\"https:\\\/\\\/i2.wp.com\\\/olivamorosicristians.es\\\/wp-content\\\/uploads\\\/2018\\\/06\\\/Icon_FMiCO.png?fit=50%2C50&ssl=1\",\"contentUrl\":\"https:\\\/\\\/i2.wp.com\\\/olivamorosicristians.es\\\/wp-content\\\/uploads\\\/2018\\\/06\\\/Icon_FMiCO.png?fit=50%2C50&ssl=1\",\"width\":50,\"height\":50,\"caption\":\"Federaci\u00f3 de Moros i Cristians - Oliva\"},\"image\":{\"@id\":\"https:\\\/\\\/olivamorosicristians.es\\\/#\\\/schema\\\/logo\\\/image\\\/\"},\"sameAs\":[\"https:\\\/\\\/www.facebook.com\\\/federaciodemorosicristiansdoliva\\\/\",\"https:\\\/\\\/www.instagram.com\\\/morosicristiansoliva\\\/?hl=es\"]},{\"@type\":\"Person\",\"@id\":\"https:\\\/\\\/olivamorosicristians.es\\\/#\\\/schema\\\/person\\\/21ece052d8816103cad91a2676fd0149\",\"name\":\"Webmaster\",\"image\":{\"@type\":\"ImageObject\",\"inLanguage\":\"es\",\"@id\":\"https:\\\/\\\/secure.gravatar.com\\\/avatar\\\/18de20f14d74abe0c800b423a8b0e24cae6153cb6baeb2c2df80e1cef2117e0d?s=96&d=mm&r=g\",\"url\":\"https:\\\/\\\/secure.gravatar.com\\\/avatar\\\/18de20f14d74abe0c800b423a8b0e24cae6153cb6baeb2c2df80e1cef2117e0d?s=96&d=mm&r=g\",\"contentUrl\":\"https:\\\/\\\/secure.gravatar.com\\\/avatar\\\/18de20f14d74abe0c800b423a8b0e24cae6153cb6baeb2c2df80e1cef2117e0d?s=96&d=mm&r=g\",\"caption\":\"Webmaster\"},\"sameAs\":[\"https:\\\/\\\/www.facebook.com\\\/federaciodemorosicristiansdoliva\",\"https:\\\/\\\/www.instagram.com\\\/morosicristiansoliva\\\/\"]}]}<\/script>\n<!-- \/ Yoast SEO plugin. -->","yoast_head_json":{"title":"Tornem a la r\u00e0dio amb un programa especial per al Mig Any. - Moros i Cristians Oliva","robots":{"index":"index","follow":"follow","max-snippet":"max-snippet:-1","max-image-preview":"max-image-preview:large","max-video-preview":"max-video-preview:-1"},"canonical":"https:\/\/olivamorosicristians.es\/es\/tornem-a-la-radio-amb-un-programa-especial-per-al-mig-any\/","og_locale":"es_ES","og_type":"article","og_title":"Tornem a la r\u00e0dio amb un programa especial per al Mig Any. - Moros i Cristians Oliva","og_description":"\ud835\udde3\ud835\udde5\ud835\udde2\ud835\uddda\ud835\udde5\ud835\uddd4\ud835\udde0\ud835\uddd4 \ud835\uddd8\ud835\udde6\ud835\udde3\ud835\uddd8\ud835\uddd6\ud835\udddc\ud835\uddd4\ud835\udddf \ud835\udde0\ud835\udddc\ud835\uddda \ud835\uddd4\ud835\udde1\ud835\uddec Despr\u00e9s de llan\u00e7ar-nos a l\u2019aventura el passat mes de juliol amb els programes dedicats a les nostres festes, aquest dissabte tornem amb les piles carregades. Aquest dissabte dia 13 de febrer, a partir de les 12:00, ens podr\u00e0s escoltar a trav\u00e9s de VCF R\u00c0DIO SAFOR , on tindrem la tert\u00falia dels [&hellip;]","og_url":"https:\/\/olivamorosicristians.es\/es\/tornem-a-la-radio-amb-un-programa-especial-per-al-mig-any\/","og_site_name":"Moros i Cristians Oliva","article_publisher":"https:\/\/www.facebook.com\/federaciodemorosicristiansdoliva\/","article_author":"https:\/\/www.facebook.com\/federaciodemorosicristiansdoliva","article_published_time":"2021-02-11T17:51:35+00:00","article_modified_time":"2021-02-23T18:42:13+00:00","og_image":[{"width":901,"height":1001,"url":"https:\/\/i2.wp.com\/olivamorosicristians.es\/wp-content\/uploads\/2021\/02\/Mesa-de-whatsapp1-100.jpg?fit=901%2C1001&ssl=1","type":"image\/jpeg"}],"author":"Webmaster","twitter_card":"summary_large_image","twitter_misc":{"Escrito por":"Webmaster","Tiempo de lectura":"1 minuto"},"schema":{"@context":"https:\/\/schema.org","@graph":[{"@type":"Article","@id":"https:\/\/olivamorosicristians.es\/tornem-a-la-radio-amb-un-programa-especial-per-al-mig-any\/#article","isPartOf":{"@id":"https:\/\/olivamorosicristians.es\/tornem-a-la-radio-amb-un-programa-especial-per-al-mig-any\/"},"author":{"name":"Webmaster","@id":"https:\/\/olivamorosicristians.es\/#\/schema\/person\/21ece052d8816103cad91a2676fd0149"},"headline":"Tornem a la r\u00e0dio amb un programa especial per al Mig Any.","datePublished":"2021-02-11T17:51:35+00:00","dateModified":"2021-02-23T18:42:13+00:00","mainEntityOfPage":{"@id":"https:\/\/olivamorosicristians.es\/tornem-a-la-radio-amb-un-programa-especial-per-al-mig-any\/"},"wordCount":178,"publisher":{"@id":"https:\/\/olivamorosicristians.es\/#organization"},"image":{"@id":"https:\/\/olivamorosicristians.es\/tornem-a-la-radio-amb-un-programa-especial-per-al-mig-any\/#primaryimage"},"thumbnailUrl":"https:\/\/i0.wp.com\/olivamorosicristians.es\/wp-content\/uploads\/2021\/02\/Mesa-de-whatsapp1-100.jpg?fit=901%2C1001&ssl=1","articleSection":["Esdeveniments","Federaci\u00f3","Festa","Mitjans de comunicaci\u00f3"],"inLanguage":"es"},{"@type":"WebPage","@id":"https:\/\/olivamorosicristians.es\/tornem-a-la-radio-amb-un-programa-especial-per-al-mig-any\/","url":"https:\/\/olivamorosicristians.es\/tornem-a-la-radio-amb-un-programa-especial-per-al-mig-any\/","name":"Tornem a la r\u00e0dio amb un programa especial per al Mig Any. - Moros i Cristians Oliva","isPartOf":{"@id":"https:\/\/olivamorosicristians.es\/#website"},"primaryImageOfPage":{"@id":"https:\/\/olivamorosicristians.es\/tornem-a-la-radio-amb-un-programa-especial-per-al-mig-any\/#primaryimage"},"image":{"@id":"https:\/\/olivamorosicristians.es\/tornem-a-la-radio-amb-un-programa-especial-per-al-mig-any\/#primaryimage"},"thumbnailUrl":"https:\/\/i0.wp.com\/olivamorosicristians.es\/wp-content\/uploads\/2021\/02\/Mesa-de-whatsapp1-100.jpg?fit=901%2C1001&ssl=1","datePublished":"2021-02-11T17:51:35+00:00","dateModified":"2021-02-23T18:42:13+00:00","breadcrumb":{"@id":"https:\/\/olivamorosicristians.es\/tornem-a-la-radio-amb-un-programa-especial-per-al-mig-any\/#breadcrumb"},"inLanguage":"es","potentialAction":[{"@type":"ReadAction","target":["https:\/\/olivamorosicristians.es\/tornem-a-la-radio-amb-un-programa-especial-per-al-mig-any\/"]}]},{"@type":"ImageObject","inLanguage":"es","@id":"https:\/\/olivamorosicristians.es\/tornem-a-la-radio-amb-un-programa-especial-per-al-mig-any\/#primaryimage","url":"https:\/\/i0.wp.com\/olivamorosicristians.es\/wp-content\/uploads\/2021\/02\/Mesa-de-whatsapp1-100.jpg?fit=901%2C1001&ssl=1","contentUrl":"https:\/\/i0.wp.com\/olivamorosicristians.es\/wp-content\/uploads\/2021\/02\/Mesa-de-whatsapp1-100.jpg?fit=901%2C1001&ssl=1","width":901,"height":1001},{"@type":"BreadcrumbList","@id":"https:\/\/olivamorosicristians.es\/tornem-a-la-radio-amb-un-programa-especial-per-al-mig-any\/#breadcrumb","itemListElement":[{"@type":"ListItem","position":1,"name":"Portada","item":"https:\/\/olivamorosicristians.es\/"},{"@type":"ListItem","position":2,"name":"Tornem a la r\u00e0dio amb un programa especial per al Mig Any."}]},{"@type":"WebSite","@id":"https:\/\/olivamorosicristians.es\/#website","url":"https:\/\/olivamorosicristians.es\/","name":"Moros i Cristians Oliva","description":"FMCO","publisher":{"@id":"https:\/\/olivamorosicristians.es\/#organization"},"potentialAction":[{"@type":"SearchAction","target":{"@type":"EntryPoint","urlTemplate":"https:\/\/olivamorosicristians.es\/?s={search_term_string}"},"query-input":{"@type":"PropertyValueSpecification","valueRequired":true,"valueName":"search_term_string"}}],"inLanguage":"es"},{"@type":"Organization","@id":"https:\/\/olivamorosicristians.es\/#organization","name":"La Federaci\u00f3n de Moros y Cristianos de Oliva","url":"https:\/\/olivamorosicristians.es\/","logo":{"@type":"ImageObject","inLanguage":"es","@id":"https:\/\/olivamorosicristians.es\/#\/schema\/logo\/image\/","url":"https:\/\/i2.wp.com\/olivamorosicristians.es\/wp-content\/uploads\/2018\/06\/Icon_FMiCO.png?fit=50%2C50&ssl=1","contentUrl":"https:\/\/i2.wp.com\/olivamorosicristians.es\/wp-content\/uploads\/2018\/06\/Icon_FMiCO.png?fit=50%2C50&ssl=1","width":50,"height":50,"caption":"Federaci\u00f3 de Moros i Cristians - Oliva"},"image":{"@id":"https:\/\/olivamorosicristians.es\/#\/schema\/logo\/image\/"},"sameAs":["https:\/\/www.facebook.com\/federaciodemorosicristiansdoliva\/","https:\/\/www.instagram.com\/morosicristiansoliva\/?hl=es"]},{"@type":"Person","@id":"https:\/\/olivamorosicristians.es\/#\/schema\/person\/21ece052d8816103cad91a2676fd0149","name":"Webmaster","image":{"@type":"ImageObject","inLanguage":"es","@id":"https:\/\/secure.gravatar.com\/avatar\/18de20f14d74abe0c800b423a8b0e24cae6153cb6baeb2c2df80e1cef2117e0d?s=96&d=mm&r=g","url":"https:\/\/secure.gravatar.com\/avatar\/18de20f14d74abe0c800b423a8b0e24cae6153cb6baeb2c2df80e1cef2117e0d?s=96&d=mm&r=g","contentUrl":"https:\/\/secure.gravatar.com\/avatar\/18de20f14d74abe0c800b423a8b0e24cae6153cb6baeb2c2df80e1cef2117e0d?s=96&d=mm&r=g","caption":"Webmaster"},"sameAs":["https:\/\/www.facebook.com\/federaciodemorosicristiansdoliva","https:\/\/www.instagram.com\/morosicristiansoliva\/"]}]}},"jetpack_publicize_connections":[],"jetpack_featured_media_url":"https:\/\/i0.wp.com\/olivamorosicristians.es\/wp-content\/uploads\/2021\/02\/Mesa-de-whatsapp1-100.jpg?fit=901%2C1001&ssl=1","jetpack_sharing_enabled":true,"jetpack_shortlink":"https:\/\/wp.me\/pagEx6-2FP","jetpack-related-posts":[],"_links":{"self":[{"href":"https:\/\/olivamorosicristians.es\/es\/wp-json\/wp\/v2\/posts\/10281","targetHints":{"allow":["GET"]}}],"collection":[{"href":"https:\/\/olivamorosicristians.es\/es\/wp-json\/wp\/v2\/posts"}],"about":[{"href":"https:\/\/olivamorosicristians.es\/es\/wp-json\/wp\/v2\/types\/post"}],"author":[{"embeddable":true,"href":"https:\/\/olivamorosicristians.es\/es\/wp-json\/wp\/v2\/users\/1"}],"replies":[{"embeddable":true,"href":"https:\/\/olivamorosicristians.es\/es\/wp-json\/wp\/v2\/comments?post=10281"}],"version-history":[{"count":5,"href":"https:\/\/olivamorosicristians.es\/es\/wp-json\/wp\/v2\/posts\/10281\/revisions"}],"predecessor-version":[{"id":10334,"href":"https:\/\/olivamorosicristians.es\/es\/wp-json\/wp\/v2\/posts\/10281\/revisions\/10334"}],"wp:featuredmedia":[{"embeddable":true,"href":"https:\/\/olivamorosicristians.es\/es\/wp-json\/wp\/v2\/media\/10283"}],"wp:attachment":[{"href":"https:\/\/olivamorosicristians.es\/es\/wp-json\/wp\/v2\/media?parent=10281"}],"wp:term":[{"taxonomy":"category","embeddable":true,"href":"https:\/\/olivamorosicristians.es\/es\/wp-json\/wp\/v2\/categories?post=10281"},{"taxonomy":"post_tag","embeddable":true,"href":"https:\/\/olivamorosicristians.es\/es\/wp-json\/wp\/v2\/tags?post=10281"}],"curies":[{"name":"wp","href":"https:\/\/api.w.org\/{rel}","templated":true}]}}