{"id":10266,"date":"2021-02-06T20:55:06","date_gmt":"2021-02-06T18:55:06","guid":{"rendered":"https:\/\/olivamorosicristians.es\/?p=10266"},"modified":"2021-02-11T20:05:53","modified_gmt":"2021-02-11T18:05:53","slug":"la-federacio-de-moros-i-cristians-doliva-i-lajuntament-doliva-col%c2%b7laboren-activament-per-augmentar-larxiu-fester-de-la-federacio","status":"publish","type":"post","link":"https:\/\/olivamorosicristians.es\/es\/la-federacio-de-moros-i-cristians-doliva-i-lajuntament-doliva-col%c2%b7laboren-activament-per-augmentar-larxiu-fester-de-la-federacio\/","title":{"rendered":"Nou conveni amb l\u2019Ajuntament d&#8217;Oliva per augmentar l\u2019arxiu fester."},"content":{"rendered":"<p>La Federaci\u00f3 de Moros i Cristians d\u2019Oliva i l\u2019Ajuntament d\u2019Oliva han pres la iniciativa de fer cr\u00e9ixer l\u2019arxiu hist\u00f2ric i fester dels Moros i Cristians a Oliva.<\/p>\n<p>La FMICO anima a la ciutadania a recopilar fotos, v\u00eddeos o documents hist\u00f2rics de la festa i a aquesta iniciativa s\u2019uneix L\u2019Ajuntament d\u2019Oliva per fer valdre el patrimoni i la tradici\u00f3 dels Moros i Cristians d\u2019Oliva.<\/p>\n<p>La Regidoria de Festes, encap\u00e7alada per\u00a0Yolanda\u00a0Navarro i la Regidoria de Cultura, M\u00fasica i Biblioteques i arxius; Museus i Patrimoni Arquitect\u00f2nic i Art\u00edstic, encap\u00e7alada per Julio Llorca, col\u00b7laboren activament amb aquesta iniciativa que\u00a0far\u00e0 valdre\u00a0la tradici\u00f3 i el patrimoni cultural i festiu de la ciutat d\u2019Oliva.<\/p>\n<p>L&#8217;Arxiu Municipal ha cedit a la FMiCO una c\u00f2pia dels llibres de Fira i Festes des de 1943 fins al 2016 (a falta d&#8217;alguns exemplars dels que no disposen).<\/p>\n<p>La Federaci\u00f3 de Moros i Cristians d\u2019Oliva ha acordat amb els presidents de les diferents filades l\u2019ampliaci\u00f3 de l\u2019arxiu i amb aquest material, poder celebrar l\u2019any del centenari amb la recopilaci\u00f3 de documents hist\u00f2rics de la festa.<\/p>\n<p>Tots aquells ve\u00efns i ve\u00efnes que tinguen al seu abast fotografies, v\u00eddeos i\/o documents d\u2019altres \u00e8poques dels Moros i Cristians a Oliva, que facen arribar aquestes informacions hist\u00f2riques a trav\u00e9s del<\/p>\n<p>\ud83d\udce8 Al correu electr\u00f2nic: <em><strong>arxiu@olivamorosicristians.es<\/strong><\/em><\/p>\n<p>\ud83d\udcf1Al tel\u00e8fon\u00a0<em><strong>650 27 36 01<\/strong><\/em><\/p>\n<p>\ud83d\udcbbA trav\u00e9s de les <em><strong>nostres xarxes socials<\/strong><\/em><\/p>\n<p>\u00a0<\/p>\n<p>Ajuda&#8217;ns a\u00a0consolidar la nostra hist\u00f2ria!<\/p>\n\n\n<div class=\"wp-block-jetpack-slideshow aligncenter\" data-effect=\"slide\"><div class=\"wp-block-jetpack-slideshow_container swiper-container\"><ul class=\"wp-block-jetpack-slideshow_swiper-wrapper swiper-wrapper\"><li class=\"wp-block-jetpack-slideshow_slide swiper-slide\"><figure><img data-recalc-dims=\"1\" loading=\"lazy\" decoding=\"async\" width=\"1024\" height=\"768\" alt=\"\" class=\"wp-block-jetpack-slideshow_image wp-image-10267\" data-id=\"10267\" src=\"https:\/\/i0.wp.com\/olivamorosicristians.es\/wp-content\/uploads\/2021\/02\/WhatsApp-Image-2021-02-04-at-14.01.03-1.jpeg?resize=1024%2C768&#038;ssl=1\" srcset=\"https:\/\/i0.wp.com\/olivamorosicristians.es\/wp-content\/uploads\/2021\/02\/WhatsApp-Image-2021-02-04-at-14.01.03-1.jpeg?resize=1024%2C768&amp;ssl=1 1024w, https:\/\/i0.wp.com\/olivamorosicristians.es\/wp-content\/uploads\/2021\/02\/WhatsApp-Image-2021-02-04-at-14.01.03-1.jpeg?resize=300%2C225&amp;ssl=1 300w, https:\/\/i0.wp.com\/olivamorosicristians.es\/wp-content\/uploads\/2021\/02\/WhatsApp-Image-2021-02-04-at-14.01.03-1.jpeg?resize=768%2C576&amp;ssl=1 768w, https:\/\/i0.wp.com\/olivamorosicristians.es\/wp-content\/uploads\/2021\/02\/WhatsApp-Image-2021-02-04-at-14.01.03-1.jpeg?resize=1536%2C1152&amp;ssl=1 1536w, https:\/\/i0.wp.com\/olivamorosicristians.es\/wp-content\/uploads\/2021\/02\/WhatsApp-Image-2021-02-04-at-14.01.03-1.jpeg?resize=640%2C480&amp;ssl=1 640w, https:\/\/i0.wp.com\/olivamorosicristians.es\/wp-content\/uploads\/2021\/02\/WhatsApp-Image-2021-02-04-at-14.01.03-1.jpeg?resize=1280%2C960&amp;ssl=1 1280w, https:\/\/i0.wp.com\/olivamorosicristians.es\/wp-content\/uploads\/2021\/02\/WhatsApp-Image-2021-02-04-at-14.01.03-1.jpeg?resize=1320%2C990&amp;ssl=1 1320w, https:\/\/i0.wp.com\/olivamorosicristians.es\/wp-content\/uploads\/2021\/02\/WhatsApp-Image-2021-02-04-at-14.01.03-1.jpeg?w=1600&amp;ssl=1 1600w\" sizes=\"(max-width: 1024px) 100vw, 1024px\" \/><\/figure><\/li><li class=\"wp-block-jetpack-slideshow_slide swiper-slide\"><figure><img data-recalc-dims=\"1\" loading=\"lazy\" decoding=\"async\" width=\"1024\" height=\"768\" alt=\"\" class=\"wp-block-jetpack-slideshow_image wp-image-10268\" data-id=\"10268\" src=\"https:\/\/i0.wp.com\/olivamorosicristians.es\/wp-content\/uploads\/2021\/02\/WhatsApp-Image-2021-02-04-at-14.01.03.jpeg?resize=1024%2C768&#038;ssl=1\" srcset=\"https:\/\/i0.wp.com\/olivamorosicristians.es\/wp-content\/uploads\/2021\/02\/WhatsApp-Image-2021-02-04-at-14.01.03.jpeg?resize=1024%2C768&amp;ssl=1 1024w, https:\/\/i0.wp.com\/olivamorosicristians.es\/wp-content\/uploads\/2021\/02\/WhatsApp-Image-2021-02-04-at-14.01.03.jpeg?resize=300%2C225&amp;ssl=1 300w, https:\/\/i0.wp.com\/olivamorosicristians.es\/wp-content\/uploads\/2021\/02\/WhatsApp-Image-2021-02-04-at-14.01.03.jpeg?resize=768%2C576&amp;ssl=1 768w, https:\/\/i0.wp.com\/olivamorosicristians.es\/wp-content\/uploads\/2021\/02\/WhatsApp-Image-2021-02-04-at-14.01.03.jpeg?resize=1536%2C1152&amp;ssl=1 1536w, https:\/\/i0.wp.com\/olivamorosicristians.es\/wp-content\/uploads\/2021\/02\/WhatsApp-Image-2021-02-04-at-14.01.03.jpeg?resize=640%2C480&amp;ssl=1 640w, https:\/\/i0.wp.com\/olivamorosicristians.es\/wp-content\/uploads\/2021\/02\/WhatsApp-Image-2021-02-04-at-14.01.03.jpeg?resize=1280%2C960&amp;ssl=1 1280w, https:\/\/i0.wp.com\/olivamorosicristians.es\/wp-content\/uploads\/2021\/02\/WhatsApp-Image-2021-02-04-at-14.01.03.jpeg?resize=1320%2C990&amp;ssl=1 1320w, https:\/\/i0.wp.com\/olivamorosicristians.es\/wp-content\/uploads\/2021\/02\/WhatsApp-Image-2021-02-04-at-14.01.03.jpeg?w=1600&amp;ssl=1 1600w\" sizes=\"(max-width: 1024px) 100vw, 1024px\" \/><\/figure><\/li><li class=\"wp-block-jetpack-slideshow_slide swiper-slide\"><figure><img data-recalc-dims=\"1\" loading=\"lazy\" decoding=\"async\" width=\"1024\" height=\"768\" alt=\"\" class=\"wp-block-jetpack-slideshow_image wp-image-10269\" data-id=\"10269\" src=\"https:\/\/i0.wp.com\/olivamorosicristians.es\/wp-content\/uploads\/2021\/02\/WhatsApp-Image-2021-02-04-at-14.01.04-1.jpeg?resize=1024%2C768&#038;ssl=1\" srcset=\"https:\/\/i0.wp.com\/olivamorosicristians.es\/wp-content\/uploads\/2021\/02\/WhatsApp-Image-2021-02-04-at-14.01.04-1.jpeg?resize=1024%2C768&amp;ssl=1 1024w, https:\/\/i0.wp.com\/olivamorosicristians.es\/wp-content\/uploads\/2021\/02\/WhatsApp-Image-2021-02-04-at-14.01.04-1.jpeg?resize=300%2C225&amp;ssl=1 300w, https:\/\/i0.wp.com\/olivamorosicristians.es\/wp-content\/uploads\/2021\/02\/WhatsApp-Image-2021-02-04-at-14.01.04-1.jpeg?resize=768%2C576&amp;ssl=1 768w, https:\/\/i0.wp.com\/olivamorosicristians.es\/wp-content\/uploads\/2021\/02\/WhatsApp-Image-2021-02-04-at-14.01.04-1.jpeg?resize=1536%2C1152&amp;ssl=1 1536w, https:\/\/i0.wp.com\/olivamorosicristians.es\/wp-content\/uploads\/2021\/02\/WhatsApp-Image-2021-02-04-at-14.01.04-1.jpeg?resize=640%2C480&amp;ssl=1 640w, https:\/\/i0.wp.com\/olivamorosicristians.es\/wp-content\/uploads\/2021\/02\/WhatsApp-Image-2021-02-04-at-14.01.04-1.jpeg?resize=1280%2C960&amp;ssl=1 1280w, https:\/\/i0.wp.com\/olivamorosicristians.es\/wp-content\/uploads\/2021\/02\/WhatsApp-Image-2021-02-04-at-14.01.04-1.jpeg?resize=1320%2C990&amp;ssl=1 1320w, https:\/\/i0.wp.com\/olivamorosicristians.es\/wp-content\/uploads\/2021\/02\/WhatsApp-Image-2021-02-04-at-14.01.04-1.jpeg?w=1600&amp;ssl=1 1600w\" sizes=\"(max-width: 1024px) 100vw, 1024px\" \/><\/figure><\/li><li class=\"wp-block-jetpack-slideshow_slide swiper-slide\"><figure><img data-recalc-dims=\"1\" loading=\"lazy\" decoding=\"async\" width=\"1024\" height=\"768\" alt=\"\" class=\"wp-block-jetpack-slideshow_image wp-image-10270\" data-id=\"10270\" src=\"https:\/\/i0.wp.com\/olivamorosicristians.es\/wp-content\/uploads\/2021\/02\/WhatsApp-Image-2021-02-04-at-14.01.04.jpeg?resize=1024%2C768&#038;ssl=1\" srcset=\"https:\/\/i0.wp.com\/olivamorosicristians.es\/wp-content\/uploads\/2021\/02\/WhatsApp-Image-2021-02-04-at-14.01.04.jpeg?resize=1024%2C768&amp;ssl=1 1024w, https:\/\/i0.wp.com\/olivamorosicristians.es\/wp-content\/uploads\/2021\/02\/WhatsApp-Image-2021-02-04-at-14.01.04.jpeg?resize=300%2C225&amp;ssl=1 300w, https:\/\/i0.wp.com\/olivamorosicristians.es\/wp-content\/uploads\/2021\/02\/WhatsApp-Image-2021-02-04-at-14.01.04.jpeg?resize=768%2C576&amp;ssl=1 768w, https:\/\/i0.wp.com\/olivamorosicristians.es\/wp-content\/uploads\/2021\/02\/WhatsApp-Image-2021-02-04-at-14.01.04.jpeg?resize=1536%2C1152&amp;ssl=1 1536w, https:\/\/i0.wp.com\/olivamorosicristians.es\/wp-content\/uploads\/2021\/02\/WhatsApp-Image-2021-02-04-at-14.01.04.jpeg?resize=640%2C480&amp;ssl=1 640w, https:\/\/i0.wp.com\/olivamorosicristians.es\/wp-content\/uploads\/2021\/02\/WhatsApp-Image-2021-02-04-at-14.01.04.jpeg?resize=1280%2C960&amp;ssl=1 1280w, https:\/\/i0.wp.com\/olivamorosicristians.es\/wp-content\/uploads\/2021\/02\/WhatsApp-Image-2021-02-04-at-14.01.04.jpeg?resize=1320%2C990&amp;ssl=1 1320w, https:\/\/i0.wp.com\/olivamorosicristians.es\/wp-content\/uploads\/2021\/02\/WhatsApp-Image-2021-02-04-at-14.01.04.jpeg?w=1600&amp;ssl=1 1600w\" sizes=\"(max-width: 1024px) 100vw, 1024px\" \/><\/figure><\/li><\/ul><a class=\"wp-block-jetpack-slideshow_button-prev swiper-button-prev swiper-button-white\" role=\"button\"><\/a><a class=\"wp-block-jetpack-slideshow_button-next swiper-button-next swiper-button-white\" role=\"button\"><\/a><a aria-label=\"Pause Slideshow\" class=\"wp-block-jetpack-slideshow_button-pause\" role=\"button\"><\/a><div class=\"wp-block-jetpack-slideshow_pagination swiper-pagination swiper-pagination-white\"><\/div><\/div><\/div>","protected":false},"excerpt":{"rendered":"<p>La Federaci\u00f3 de Moros i Cristians d\u2019Oliva i l\u2019Ajuntament d\u2019Oliva han pres la iniciativa de fer cr\u00e9ixer l\u2019arxiu hist\u00f2ric i fester dels Moros i Cristians a Oliva. La FMICO anima a la ciutadania a recopilar fotos, v\u00eddeos o documents hist\u00f2rics de la festa i a aquesta iniciativa s\u2019uneix L\u2019Ajuntament d\u2019Oliva per fer valdre el patrimoni [&hellip;]<\/p>\n","protected":false},"author":1,"featured_media":10270,"comment_status":"closed","ping_status":"open","sticky":false,"template":"","format":"standard","meta":{"jetpack_post_was_ever_published":false,"_jetpack_newsletter_access":"","_jetpack_dont_email_post_to_subs":false,"_jetpack_newsletter_tier_id":0,"_jetpack_memberships_contains_paywalled_content":false,"_jetpack_memberships_contains_paid_content":false,"footnotes":"","jetpack_publicize_message":"","jetpack_publicize_feature_enabled":true,"jetpack_social_post_already_shared":true,"jetpack_social_options":{"image_generator_settings":{"template":"highway","default_image_id":0,"font":"","enabled":false},"version":2}},"categories":[2,8],"tags":[],"class_list":["post-10266","post","type-post","status-publish","format-standard","has-post-thumbnail","hentry","category-federacio","category-historia"],"yoast_head":"<!-- This site is optimized with the Yoast SEO plugin v27.5 - https:\/\/yoast.com\/product\/yoast-seo-wordpress\/ -->\n<title>Nou conveni amb l\u2019Ajuntament d&#039;Oliva per augmentar l\u2019arxiu fester. - Moros i Cristians Oliva<\/title>\n<meta name=\"robots\" content=\"index, follow, max-snippet:-1, max-image-preview:large, max-video-preview:-1\" \/>\n<link rel=\"canonical\" href=\"https:\/\/olivamorosicristians.es\/es\/la-federacio-de-moros-i-cristians-doliva-i-lajuntament-doliva-col\u00b7laboren-activament-per-augmentar-larxiu-fester-de-la-federacio\/\" \/>\n<meta property=\"og:locale\" content=\"es_ES\" \/>\n<meta property=\"og:type\" content=\"article\" \/>\n<meta property=\"og:title\" content=\"Nou conveni amb l\u2019Ajuntament d&#039;Oliva per augmentar l\u2019arxiu fester. - Moros i Cristians Oliva\" \/>\n<meta property=\"og:description\" content=\"La Federaci\u00f3 de Moros i Cristians d\u2019Oliva i l\u2019Ajuntament d\u2019Oliva han pres la iniciativa de fer cr\u00e9ixer l\u2019arxiu hist\u00f2ric i fester dels Moros i Cristians a Oliva. La FMICO anima a la ciutadania a recopilar fotos, v\u00eddeos o documents hist\u00f2rics de la festa i a aquesta iniciativa s\u2019uneix L\u2019Ajuntament d\u2019Oliva per fer valdre el patrimoni [&hellip;]\" \/>\n<meta property=\"og:url\" content=\"https:\/\/olivamorosicristians.es\/es\/la-federacio-de-moros-i-cristians-doliva-i-lajuntament-doliva-col\u00b7laboren-activament-per-augmentar-larxiu-fester-de-la-federacio\/\" \/>\n<meta property=\"og:site_name\" content=\"Moros i Cristians Oliva\" \/>\n<meta property=\"article:publisher\" content=\"https:\/\/www.facebook.com\/federaciodemorosicristiansdoliva\/\" \/>\n<meta property=\"article:author\" content=\"https:\/\/www.facebook.com\/federaciodemorosicristiansdoliva\" \/>\n<meta property=\"article:published_time\" content=\"2021-02-06T18:55:06+00:00\" \/>\n<meta property=\"article:modified_time\" content=\"2021-02-11T18:05:53+00:00\" \/>\n<meta property=\"og:image\" content=\"https:\/\/i2.wp.com\/olivamorosicristians.es\/wp-content\/uploads\/2021\/02\/WhatsApp-Image-2021-02-04-at-14.01.04.jpeg?fit=1600%2C1200&ssl=1\" \/>\n\t<meta property=\"og:image:width\" content=\"1600\" \/>\n\t<meta property=\"og:image:height\" content=\"1200\" \/>\n\t<meta property=\"og:image:type\" content=\"image\/jpeg\" \/>\n<meta name=\"author\" content=\"Webmaster\" \/>\n<meta name=\"twitter:card\" content=\"summary_large_image\" \/>\n<meta name=\"twitter:label1\" content=\"Escrito por\" \/>\n\t<meta name=\"twitter:data1\" content=\"Webmaster\" \/>\n\t<meta name=\"twitter:label2\" content=\"Tiempo de lectura\" \/>\n\t<meta name=\"twitter:data2\" content=\"2 minutos\" \/>\n<script type=\"application\/ld+json\" class=\"yoast-schema-graph\">{\"@context\":\"https:\\\/\\\/schema.org\",\"@graph\":[{\"@type\":\"Article\",\"@id\":\"https:\\\/\\\/olivamorosicristians.es\\\/la-federacio-de-moros-i-cristians-doliva-i-lajuntament-doliva-col%c2%b7laboren-activament-per-augmentar-larxiu-fester-de-la-federacio\\\/#article\",\"isPartOf\":{\"@id\":\"https:\\\/\\\/olivamorosicristians.es\\\/la-federacio-de-moros-i-cristians-doliva-i-lajuntament-doliva-col%c2%b7laboren-activament-per-augmentar-larxiu-fester-de-la-federacio\\\/\"},\"author\":{\"name\":\"Webmaster\",\"@id\":\"https:\\\/\\\/olivamorosicristians.es\\\/#\\\/schema\\\/person\\\/21ece052d8816103cad91a2676fd0149\"},\"headline\":\"Nou conveni amb l\u2019Ajuntament d&#8217;Oliva per augmentar l\u2019arxiu fester.\",\"datePublished\":\"2021-02-06T18:55:06+00:00\",\"dateModified\":\"2021-02-11T18:05:53+00:00\",\"mainEntityOfPage\":{\"@id\":\"https:\\\/\\\/olivamorosicristians.es\\\/la-federacio-de-moros-i-cristians-doliva-i-lajuntament-doliva-col%c2%b7laboren-activament-per-augmentar-larxiu-fester-de-la-federacio\\\/\"},\"wordCount\":278,\"publisher\":{\"@id\":\"https:\\\/\\\/olivamorosicristians.es\\\/#organization\"},\"image\":{\"@id\":\"https:\\\/\\\/olivamorosicristians.es\\\/la-federacio-de-moros-i-cristians-doliva-i-lajuntament-doliva-col%c2%b7laboren-activament-per-augmentar-larxiu-fester-de-la-federacio\\\/#primaryimage\"},\"thumbnailUrl\":\"https:\\\/\\\/i0.wp.com\\\/olivamorosicristians.es\\\/wp-content\\\/uploads\\\/2021\\\/02\\\/WhatsApp-Image-2021-02-04-at-14.01.04.jpeg?fit=1600%2C1200&ssl=1\",\"articleSection\":[\"Federaci\u00f3\",\"Hist\u00f2ria\"],\"inLanguage\":\"es\"},{\"@type\":\"WebPage\",\"@id\":\"https:\\\/\\\/olivamorosicristians.es\\\/la-federacio-de-moros-i-cristians-doliva-i-lajuntament-doliva-col%c2%b7laboren-activament-per-augmentar-larxiu-fester-de-la-federacio\\\/\",\"url\":\"https:\\\/\\\/olivamorosicristians.es\\\/la-federacio-de-moros-i-cristians-doliva-i-lajuntament-doliva-col%c2%b7laboren-activament-per-augmentar-larxiu-fester-de-la-federacio\\\/\",\"name\":\"Nou conveni amb l\u2019Ajuntament d'Oliva per augmentar l\u2019arxiu fester. - Moros i Cristians Oliva\",\"isPartOf\":{\"@id\":\"https:\\\/\\\/olivamorosicristians.es\\\/#website\"},\"primaryImageOfPage\":{\"@id\":\"https:\\\/\\\/olivamorosicristians.es\\\/la-federacio-de-moros-i-cristians-doliva-i-lajuntament-doliva-col%c2%b7laboren-activament-per-augmentar-larxiu-fester-de-la-federacio\\\/#primaryimage\"},\"image\":{\"@id\":\"https:\\\/\\\/olivamorosicristians.es\\\/la-federacio-de-moros-i-cristians-doliva-i-lajuntament-doliva-col%c2%b7laboren-activament-per-augmentar-larxiu-fester-de-la-federacio\\\/#primaryimage\"},\"thumbnailUrl\":\"https:\\\/\\\/i0.wp.com\\\/olivamorosicristians.es\\\/wp-content\\\/uploads\\\/2021\\\/02\\\/WhatsApp-Image-2021-02-04-at-14.01.04.jpeg?fit=1600%2C1200&ssl=1\",\"datePublished\":\"2021-02-06T18:55:06+00:00\",\"dateModified\":\"2021-02-11T18:05:53+00:00\",\"breadcrumb\":{\"@id\":\"https:\\\/\\\/olivamorosicristians.es\\\/la-federacio-de-moros-i-cristians-doliva-i-lajuntament-doliva-col%c2%b7laboren-activament-per-augmentar-larxiu-fester-de-la-federacio\\\/#breadcrumb\"},\"inLanguage\":\"es\",\"potentialAction\":[{\"@type\":\"ReadAction\",\"target\":[\"https:\\\/\\\/olivamorosicristians.es\\\/la-federacio-de-moros-i-cristians-doliva-i-lajuntament-doliva-col%c2%b7laboren-activament-per-augmentar-larxiu-fester-de-la-federacio\\\/\"]}]},{\"@type\":\"ImageObject\",\"inLanguage\":\"es\",\"@id\":\"https:\\\/\\\/olivamorosicristians.es\\\/la-federacio-de-moros-i-cristians-doliva-i-lajuntament-doliva-col%c2%b7laboren-activament-per-augmentar-larxiu-fester-de-la-federacio\\\/#primaryimage\",\"url\":\"https:\\\/\\\/i0.wp.com\\\/olivamorosicristians.es\\\/wp-content\\\/uploads\\\/2021\\\/02\\\/WhatsApp-Image-2021-02-04-at-14.01.04.jpeg?fit=1600%2C1200&ssl=1\",\"contentUrl\":\"https:\\\/\\\/i0.wp.com\\\/olivamorosicristians.es\\\/wp-content\\\/uploads\\\/2021\\\/02\\\/WhatsApp-Image-2021-02-04-at-14.01.04.jpeg?fit=1600%2C1200&ssl=1\",\"width\":1600,\"height\":1200},{\"@type\":\"BreadcrumbList\",\"@id\":\"https:\\\/\\\/olivamorosicristians.es\\\/la-federacio-de-moros-i-cristians-doliva-i-lajuntament-doliva-col%c2%b7laboren-activament-per-augmentar-larxiu-fester-de-la-federacio\\\/#breadcrumb\",\"itemListElement\":[{\"@type\":\"ListItem\",\"position\":1,\"name\":\"Portada\",\"item\":\"https:\\\/\\\/olivamorosicristians.es\\\/\"},{\"@type\":\"ListItem\",\"position\":2,\"name\":\"Nou conveni amb l\u2019Ajuntament d&#8217;Oliva per augmentar l\u2019arxiu fester.\"}]},{\"@type\":\"WebSite\",\"@id\":\"https:\\\/\\\/olivamorosicristians.es\\\/#website\",\"url\":\"https:\\\/\\\/olivamorosicristians.es\\\/\",\"name\":\"Moros i Cristians Oliva\",\"description\":\"FMCO\",\"publisher\":{\"@id\":\"https:\\\/\\\/olivamorosicristians.es\\\/#organization\"},\"potentialAction\":[{\"@type\":\"SearchAction\",\"target\":{\"@type\":\"EntryPoint\",\"urlTemplate\":\"https:\\\/\\\/olivamorosicristians.es\\\/?s={search_term_string}\"},\"query-input\":{\"@type\":\"PropertyValueSpecification\",\"valueRequired\":true,\"valueName\":\"search_term_string\"}}],\"inLanguage\":\"es\"},{\"@type\":\"Organization\",\"@id\":\"https:\\\/\\\/olivamorosicristians.es\\\/#organization\",\"name\":\"Federaci\u00f3 de Moros i Cristians - Oliva\",\"url\":\"https:\\\/\\\/olivamorosicristians.es\\\/\",\"logo\":{\"@type\":\"ImageObject\",\"inLanguage\":\"es\",\"@id\":\"https:\\\/\\\/olivamorosicristians.es\\\/#\\\/schema\\\/logo\\\/image\\\/\",\"url\":\"https:\\\/\\\/i2.wp.com\\\/olivamorosicristians.es\\\/wp-content\\\/uploads\\\/2018\\\/06\\\/Icon_FMiCO.png?fit=50%2C50&ssl=1\",\"contentUrl\":\"https:\\\/\\\/i2.wp.com\\\/olivamorosicristians.es\\\/wp-content\\\/uploads\\\/2018\\\/06\\\/Icon_FMiCO.png?fit=50%2C50&ssl=1\",\"width\":50,\"height\":50,\"caption\":\"Federaci\u00f3 de Moros i Cristians - Oliva\"},\"image\":{\"@id\":\"https:\\\/\\\/olivamorosicristians.es\\\/#\\\/schema\\\/logo\\\/image\\\/\"},\"sameAs\":[\"https:\\\/\\\/www.facebook.com\\\/federaciodemorosicristiansdoliva\\\/\",\"https:\\\/\\\/www.instagram.com\\\/morosicristiansoliva\\\/?hl=es\"]},{\"@type\":\"Person\",\"@id\":\"https:\\\/\\\/olivamorosicristians.es\\\/#\\\/schema\\\/person\\\/21ece052d8816103cad91a2676fd0149\",\"name\":\"Webmaster\",\"image\":{\"@type\":\"ImageObject\",\"inLanguage\":\"es\",\"@id\":\"https:\\\/\\\/secure.gravatar.com\\\/avatar\\\/18de20f14d74abe0c800b423a8b0e24cae6153cb6baeb2c2df80e1cef2117e0d?s=96&d=mm&r=g\",\"url\":\"https:\\\/\\\/secure.gravatar.com\\\/avatar\\\/18de20f14d74abe0c800b423a8b0e24cae6153cb6baeb2c2df80e1cef2117e0d?s=96&d=mm&r=g\",\"contentUrl\":\"https:\\\/\\\/secure.gravatar.com\\\/avatar\\\/18de20f14d74abe0c800b423a8b0e24cae6153cb6baeb2c2df80e1cef2117e0d?s=96&d=mm&r=g\",\"caption\":\"Webmaster\"},\"sameAs\":[\"https:\\\/\\\/www.facebook.com\\\/federaciodemorosicristiansdoliva\",\"https:\\\/\\\/www.instagram.com\\\/morosicristiansoliva\\\/\"]}]}<\/script>\n<!-- \/ Yoast SEO plugin. -->","yoast_head_json":{"title":"Nou conveni amb l\u2019Ajuntament d'Oliva per augmentar l\u2019arxiu fester. - Moros i Cristians Oliva","robots":{"index":"index","follow":"follow","max-snippet":"max-snippet:-1","max-image-preview":"max-image-preview:large","max-video-preview":"max-video-preview:-1"},"canonical":"https:\/\/olivamorosicristians.es\/es\/la-federacio-de-moros-i-cristians-doliva-i-lajuntament-doliva-col\u00b7laboren-activament-per-augmentar-larxiu-fester-de-la-federacio\/","og_locale":"es_ES","og_type":"article","og_title":"Nou conveni amb l\u2019Ajuntament d'Oliva per augmentar l\u2019arxiu fester. - Moros i Cristians Oliva","og_description":"La Federaci\u00f3 de Moros i Cristians d\u2019Oliva i l\u2019Ajuntament d\u2019Oliva han pres la iniciativa de fer cr\u00e9ixer l\u2019arxiu hist\u00f2ric i fester dels Moros i Cristians a Oliva. La FMICO anima a la ciutadania a recopilar fotos, v\u00eddeos o documents hist\u00f2rics de la festa i a aquesta iniciativa s\u2019uneix L\u2019Ajuntament d\u2019Oliva per fer valdre el patrimoni [&hellip;]","og_url":"https:\/\/olivamorosicristians.es\/es\/la-federacio-de-moros-i-cristians-doliva-i-lajuntament-doliva-col\u00b7laboren-activament-per-augmentar-larxiu-fester-de-la-federacio\/","og_site_name":"Moros i Cristians Oliva","article_publisher":"https:\/\/www.facebook.com\/federaciodemorosicristiansdoliva\/","article_author":"https:\/\/www.facebook.com\/federaciodemorosicristiansdoliva","article_published_time":"2021-02-06T18:55:06+00:00","article_modified_time":"2021-02-11T18:05:53+00:00","og_image":[{"width":1600,"height":1200,"url":"https:\/\/i2.wp.com\/olivamorosicristians.es\/wp-content\/uploads\/2021\/02\/WhatsApp-Image-2021-02-04-at-14.01.04.jpeg?fit=1600%2C1200&ssl=1","type":"image\/jpeg"}],"author":"Webmaster","twitter_card":"summary_large_image","twitter_misc":{"Escrito por":"Webmaster","Tiempo de lectura":"2 minutos"},"schema":{"@context":"https:\/\/schema.org","@graph":[{"@type":"Article","@id":"https:\/\/olivamorosicristians.es\/la-federacio-de-moros-i-cristians-doliva-i-lajuntament-doliva-col%c2%b7laboren-activament-per-augmentar-larxiu-fester-de-la-federacio\/#article","isPartOf":{"@id":"https:\/\/olivamorosicristians.es\/la-federacio-de-moros-i-cristians-doliva-i-lajuntament-doliva-col%c2%b7laboren-activament-per-augmentar-larxiu-fester-de-la-federacio\/"},"author":{"name":"Webmaster","@id":"https:\/\/olivamorosicristians.es\/#\/schema\/person\/21ece052d8816103cad91a2676fd0149"},"headline":"Nou conveni amb l\u2019Ajuntament d&#8217;Oliva per augmentar l\u2019arxiu fester.","datePublished":"2021-02-06T18:55:06+00:00","dateModified":"2021-02-11T18:05:53+00:00","mainEntityOfPage":{"@id":"https:\/\/olivamorosicristians.es\/la-federacio-de-moros-i-cristians-doliva-i-lajuntament-doliva-col%c2%b7laboren-activament-per-augmentar-larxiu-fester-de-la-federacio\/"},"wordCount":278,"publisher":{"@id":"https:\/\/olivamorosicristians.es\/#organization"},"image":{"@id":"https:\/\/olivamorosicristians.es\/la-federacio-de-moros-i-cristians-doliva-i-lajuntament-doliva-col%c2%b7laboren-activament-per-augmentar-larxiu-fester-de-la-federacio\/#primaryimage"},"thumbnailUrl":"https:\/\/i0.wp.com\/olivamorosicristians.es\/wp-content\/uploads\/2021\/02\/WhatsApp-Image-2021-02-04-at-14.01.04.jpeg?fit=1600%2C1200&ssl=1","articleSection":["Federaci\u00f3","Hist\u00f2ria"],"inLanguage":"es"},{"@type":"WebPage","@id":"https:\/\/olivamorosicristians.es\/la-federacio-de-moros-i-cristians-doliva-i-lajuntament-doliva-col%c2%b7laboren-activament-per-augmentar-larxiu-fester-de-la-federacio\/","url":"https:\/\/olivamorosicristians.es\/la-federacio-de-moros-i-cristians-doliva-i-lajuntament-doliva-col%c2%b7laboren-activament-per-augmentar-larxiu-fester-de-la-federacio\/","name":"Nou conveni amb l\u2019Ajuntament d'Oliva per augmentar l\u2019arxiu fester. - Moros i Cristians Oliva","isPartOf":{"@id":"https:\/\/olivamorosicristians.es\/#website"},"primaryImageOfPage":{"@id":"https:\/\/olivamorosicristians.es\/la-federacio-de-moros-i-cristians-doliva-i-lajuntament-doliva-col%c2%b7laboren-activament-per-augmentar-larxiu-fester-de-la-federacio\/#primaryimage"},"image":{"@id":"https:\/\/olivamorosicristians.es\/la-federacio-de-moros-i-cristians-doliva-i-lajuntament-doliva-col%c2%b7laboren-activament-per-augmentar-larxiu-fester-de-la-federacio\/#primaryimage"},"thumbnailUrl":"https:\/\/i0.wp.com\/olivamorosicristians.es\/wp-content\/uploads\/2021\/02\/WhatsApp-Image-2021-02-04-at-14.01.04.jpeg?fit=1600%2C1200&ssl=1","datePublished":"2021-02-06T18:55:06+00:00","dateModified":"2021-02-11T18:05:53+00:00","breadcrumb":{"@id":"https:\/\/olivamorosicristians.es\/la-federacio-de-moros-i-cristians-doliva-i-lajuntament-doliva-col%c2%b7laboren-activament-per-augmentar-larxiu-fester-de-la-federacio\/#breadcrumb"},"inLanguage":"es","potentialAction":[{"@type":"ReadAction","target":["https:\/\/olivamorosicristians.es\/la-federacio-de-moros-i-cristians-doliva-i-lajuntament-doliva-col%c2%b7laboren-activament-per-augmentar-larxiu-fester-de-la-federacio\/"]}]},{"@type":"ImageObject","inLanguage":"es","@id":"https:\/\/olivamorosicristians.es\/la-federacio-de-moros-i-cristians-doliva-i-lajuntament-doliva-col%c2%b7laboren-activament-per-augmentar-larxiu-fester-de-la-federacio\/#primaryimage","url":"https:\/\/i0.wp.com\/olivamorosicristians.es\/wp-content\/uploads\/2021\/02\/WhatsApp-Image-2021-02-04-at-14.01.04.jpeg?fit=1600%2C1200&ssl=1","contentUrl":"https:\/\/i0.wp.com\/olivamorosicristians.es\/wp-content\/uploads\/2021\/02\/WhatsApp-Image-2021-02-04-at-14.01.04.jpeg?fit=1600%2C1200&ssl=1","width":1600,"height":1200},{"@type":"BreadcrumbList","@id":"https:\/\/olivamorosicristians.es\/la-federacio-de-moros-i-cristians-doliva-i-lajuntament-doliva-col%c2%b7laboren-activament-per-augmentar-larxiu-fester-de-la-federacio\/#breadcrumb","itemListElement":[{"@type":"ListItem","position":1,"name":"Portada","item":"https:\/\/olivamorosicristians.es\/"},{"@type":"ListItem","position":2,"name":"Nou conveni amb l\u2019Ajuntament d&#8217;Oliva per augmentar l\u2019arxiu fester."}]},{"@type":"WebSite","@id":"https:\/\/olivamorosicristians.es\/#website","url":"https:\/\/olivamorosicristians.es\/","name":"Moros i Cristians Oliva","description":"FMCO","publisher":{"@id":"https:\/\/olivamorosicristians.es\/#organization"},"potentialAction":[{"@type":"SearchAction","target":{"@type":"EntryPoint","urlTemplate":"https:\/\/olivamorosicristians.es\/?s={search_term_string}"},"query-input":{"@type":"PropertyValueSpecification","valueRequired":true,"valueName":"search_term_string"}}],"inLanguage":"es"},{"@type":"Organization","@id":"https:\/\/olivamorosicristians.es\/#organization","name":"La Federaci\u00f3n de Moros y Cristianos de Oliva","url":"https:\/\/olivamorosicristians.es\/","logo":{"@type":"ImageObject","inLanguage":"es","@id":"https:\/\/olivamorosicristians.es\/#\/schema\/logo\/image\/","url":"https:\/\/i2.wp.com\/olivamorosicristians.es\/wp-content\/uploads\/2018\/06\/Icon_FMiCO.png?fit=50%2C50&ssl=1","contentUrl":"https:\/\/i2.wp.com\/olivamorosicristians.es\/wp-content\/uploads\/2018\/06\/Icon_FMiCO.png?fit=50%2C50&ssl=1","width":50,"height":50,"caption":"Federaci\u00f3 de Moros i Cristians - Oliva"},"image":{"@id":"https:\/\/olivamorosicristians.es\/#\/schema\/logo\/image\/"},"sameAs":["https:\/\/www.facebook.com\/federaciodemorosicristiansdoliva\/","https:\/\/www.instagram.com\/morosicristiansoliva\/?hl=es"]},{"@type":"Person","@id":"https:\/\/olivamorosicristians.es\/#\/schema\/person\/21ece052d8816103cad91a2676fd0149","name":"Webmaster","image":{"@type":"ImageObject","inLanguage":"es","@id":"https:\/\/secure.gravatar.com\/avatar\/18de20f14d74abe0c800b423a8b0e24cae6153cb6baeb2c2df80e1cef2117e0d?s=96&d=mm&r=g","url":"https:\/\/secure.gravatar.com\/avatar\/18de20f14d74abe0c800b423a8b0e24cae6153cb6baeb2c2df80e1cef2117e0d?s=96&d=mm&r=g","contentUrl":"https:\/\/secure.gravatar.com\/avatar\/18de20f14d74abe0c800b423a8b0e24cae6153cb6baeb2c2df80e1cef2117e0d?s=96&d=mm&r=g","caption":"Webmaster"},"sameAs":["https:\/\/www.facebook.com\/federaciodemorosicristiansdoliva","https:\/\/www.instagram.com\/morosicristiansoliva\/"]}]}},"jetpack_publicize_connections":[],"jetpack_featured_media_url":"https:\/\/i0.wp.com\/olivamorosicristians.es\/wp-content\/uploads\/2021\/02\/WhatsApp-Image-2021-02-04-at-14.01.04.jpeg?fit=1600%2C1200&ssl=1","jetpack_sharing_enabled":true,"jetpack_shortlink":"https:\/\/wp.me\/pagEx6-2FA","jetpack-related-posts":[],"_links":{"self":[{"href":"https:\/\/olivamorosicristians.es\/es\/wp-json\/wp\/v2\/posts\/10266","targetHints":{"allow":["GET"]}}],"collection":[{"href":"https:\/\/olivamorosicristians.es\/es\/wp-json\/wp\/v2\/posts"}],"about":[{"href":"https:\/\/olivamorosicristians.es\/es\/wp-json\/wp\/v2\/types\/post"}],"author":[{"embeddable":true,"href":"https:\/\/olivamorosicristians.es\/es\/wp-json\/wp\/v2\/users\/1"}],"replies":[{"embeddable":true,"href":"https:\/\/olivamorosicristians.es\/es\/wp-json\/wp\/v2\/comments?post=10266"}],"version-history":[{"count":5,"href":"https:\/\/olivamorosicristians.es\/es\/wp-json\/wp\/v2\/posts\/10266\/revisions"}],"predecessor-version":[{"id":10289,"href":"https:\/\/olivamorosicristians.es\/es\/wp-json\/wp\/v2\/posts\/10266\/revisions\/10289"}],"wp:featuredmedia":[{"embeddable":true,"href":"https:\/\/olivamorosicristians.es\/es\/wp-json\/wp\/v2\/media\/10270"}],"wp:attachment":[{"href":"https:\/\/olivamorosicristians.es\/es\/wp-json\/wp\/v2\/media?parent=10266"}],"wp:term":[{"taxonomy":"category","embeddable":true,"href":"https:\/\/olivamorosicristians.es\/es\/wp-json\/wp\/v2\/categories?post=10266"},{"taxonomy":"post_tag","embeddable":true,"href":"https:\/\/olivamorosicristians.es\/es\/wp-json\/wp\/v2\/tags?post=10266"}],"curies":[{"name":"wp","href":"https:\/\/api.w.org\/{rel}","templated":true}]}}