{"id":10186,"date":"2021-01-19T11:55:00","date_gmt":"2021-01-19T09:55:00","guid":{"rendered":"https:\/\/olivamorosicristians.es\/?p=10186"},"modified":"2021-02-04T21:24:40","modified_gmt":"2021-02-04T19:24:40","slug":"suspensio-dels-actes-del-mig-any-fester-de-2021","status":"publish","type":"post","link":"https:\/\/olivamorosicristians.es\/es\/suspensio-dels-actes-del-mig-any-fester-de-2021\/","title":{"rendered":"Suspensi\u00f3 dels actes del Mig Any Fester de 2021"},"content":{"rendered":"<section class=\"w-section\">\r\n<div class=\"row\"><div class=\"col col-12\">\r\n    <div class=\"col-inner\"><div class=\"w-text-block\">\n    <p><span style=\"font-family: Montserrat;\"><span style=\"font-size: large;\">Davant la situaci\u00f3 de greu crisi sanit\u00e0ria, la Federaci\u00f3 de Moros i Cristians d\u2019Oliva informa que <\/span><\/span><strong><span style=\"font-family: Montserrat;\"><span style=\"font-size: large;\">els actes del Mig Any Fester de 2021 queden suspesos<\/span><\/span><\/strong><span style=\"font-family: Montserrat;\"><span style=\"font-size: large;\">.<\/span><\/span><\/p>\n<p><span style=\"font-family: Montserrat;\"><span style=\"font-size: large;\">El Mig Any Fester de 2021 estava previst per al primer i segon cap de setmana de febrer, com \u00e9s tradicional. Les previsions epidemiol\u00f2giques apunten a un escenari complicat, el que fa que no siga convenient realitzar cap acte p\u00fablic.<\/span><\/span><\/p>\n<p><span style=\"font-family: Montserrat;\"><span style=\"font-size: large;\">Don\u00e0vem per descomptat que els <\/span><\/span><strong><span style=\"font-family: Montserrat;\"><span style=\"font-size: large;\">actes oficials<\/span><\/span><\/strong><span style=\"font-family: Montserrat;\"><span style=\"font-size: large;\"> (Presentaci\u00f3 de c\u00e0rrecs a l\u2019Ol\u00edmpia, Sopar de gal\u00b7la i Concurs de Putxeros) no anaven a poder-se celebrar. Per aix\u00f2, des de la Junta de la FMICO s\u2019havia plantejat al grup de Presidents de les Filades la possibilitat de realitzar un programa especial de r\u00e0dio, un concert fester i una exposici\u00f3 (aprofitant que estem a l\u2019any del centenari de les primeres celebracions de Moros i Cristians a la ciutat d\u2019Oliva).<\/span><\/span><\/p>\n<p><span style=\"font-family: Montserrat;\"><span style=\"font-size: large;\">La situaci\u00f3 d\u2019<\/span><\/span><strong><span style=\"font-family: Montserrat;\"><span style=\"font-size: large;\">extrema gravetat<\/span><\/span><\/strong><span style=\"font-family: Montserrat;\"><span style=\"font-size: large;\"> de la pand\u00e8mia desaconsella tota activitat que puga comportar la reuni\u00f3 de gran nombre de gent. No \u00e9s moment de realitzar cap acte p\u00fablic. La salut i la seguretat han d\u2019estar per davant de tot.<\/span><\/span><\/p>\n<p><span style=\"font-family: Montserrat;\"><span style=\"font-size: large;\">No obstant aix\u00f2, segons evolucione la situaci\u00f3 sanit\u00e0ria al nostre municipi, no es descarta que al mes de maig pogueren realitzar-se les activitats que s\u2019han exposat anteriorment, tot garantit les mesures de seguretat que estiguen vigents aplegat el moment.<\/span><\/span><\/p>\n<p><span style=\"font-family: Montserrat;\"><span style=\"font-size: large;\">La Junta de la FMICO lamenta tindre que fer novament un comunicat de suspensi\u00f3 d\u2019actes festers, per\u00f2 hem d\u2019estar a l\u2019altura de les circumst\u00e0ncies i obrar a consci\u00e8ncia. El col\u00b7lectiu fester dels Moros i Cristians d\u2019Oliva hem de ser exemplar amb el compliment estricte de les recomanacions sanit\u00e0ries que les administracions dicten.<\/span><\/span><\/p>\n<p><span style=\"font-family: Montserrat;\"><span style=\"font-size: large;\">Enviem una <\/span><\/span><strong><span style=\"font-family: Montserrat;\"><span style=\"font-size: large;\">forta abra\u00e7ada<\/span><\/span><\/strong><span style=\"font-family: Montserrat;\"><span style=\"font-size: large;\"> als c\u00e0rrecs festers i filades capitanes, Masers i Taifes, i a tots els festeres d\u2019Oliva. Tamb\u00e9, volem enviar el nostre suport a totes aquelles persones que, a causa de la Covid, viuen moments dif\u00edcils.<\/span><\/span><\/p>\n<p><span style=\"font-family: Montserrat;\"><span style=\"font-size: large;\">\u00c9s el temps de la responsabilitat. Anem cam\u00ed de la millora, perseverem amb les mesures de precauci\u00f3.<\/span><\/span><\/p>\n<\/div><\/div><\/div><\/div><\/section><section class=\"w-section\">\r\n<div class=\"row\"><div class=\"col col-12\">\r\n    <div class=\"col-inner\"><\/div><\/div><\/div><\/section>","protected":false},"excerpt":{"rendered":"Davant la situaci\u00f3 de greu crisi sanit\u00e0ria, la Federaci\u00f3 de Moros i Cristians d\u2019Oliva informa que els actes del Mig Any Fester de 2021 queden suspesos. El Mig Any Fester de 2021 estava previst per al primer i segon cap de setmana de febrer, com \u00e9s tradicional. Les previsions epidemiol\u00f2giques apunten a un escenari complicat, [...]","protected":false},"author":1,"featured_media":9710,"comment_status":"closed","ping_status":"open","sticky":false,"template":"","format":"standard","meta":{"jetpack_post_was_ever_published":false,"_jetpack_newsletter_access":"","_jetpack_dont_email_post_to_subs":false,"_jetpack_newsletter_tier_id":0,"_jetpack_memberships_contains_paywalled_content":false,"_jetpack_memberships_contains_paid_content":false,"footnotes":"","jetpack_publicize_message":"","jetpack_publicize_feature_enabled":true,"jetpack_social_post_already_shared":true,"jetpack_social_options":{"image_generator_settings":{"template":"highway","default_image_id":0,"font":"","enabled":false},"version":2}},"categories":[2],"tags":[],"class_list":["post-10186","post","type-post","status-publish","format-standard","has-post-thumbnail","hentry","category-federacio"],"yoast_head":"<!-- This site is optimized with the Yoast SEO plugin v27.5 - https:\/\/yoast.com\/product\/yoast-seo-wordpress\/ -->\n<title>Suspensi\u00f3 dels actes del Mig Any Fester de 2021 - Moros i Cristians Oliva<\/title>\n<meta name=\"robots\" content=\"index, follow, max-snippet:-1, max-image-preview:large, max-video-preview:-1\" \/>\n<link rel=\"canonical\" href=\"https:\/\/olivamorosicristians.es\/es\/suspensio-dels-actes-del-mig-any-fester-de-2021\/\" \/>\n<meta property=\"og:locale\" content=\"es_ES\" \/>\n<meta property=\"og:type\" content=\"article\" \/>\n<meta property=\"og:title\" content=\"Suspensi\u00f3 dels actes del Mig Any Fester de 2021 - Moros i Cristians Oliva\" \/>\n<meta property=\"og:url\" content=\"https:\/\/olivamorosicristians.es\/es\/suspensio-dels-actes-del-mig-any-fester-de-2021\/\" \/>\n<meta property=\"og:site_name\" content=\"Moros i Cristians Oliva\" \/>\n<meta property=\"article:publisher\" content=\"https:\/\/www.facebook.com\/federaciodemorosicristiansdoliva\/\" \/>\n<meta property=\"article:author\" content=\"https:\/\/www.facebook.com\/federaciodemorosicristiansdoliva\" \/>\n<meta property=\"article:published_time\" content=\"2021-01-19T09:55:00+00:00\" \/>\n<meta property=\"article:modified_time\" content=\"2021-02-04T19:24:40+00:00\" \/>\n<meta property=\"og:image\" content=\"https:\/\/i0.wp.com\/olivamorosicristians.es\/wp-content\/uploads\/2020\/04\/Comunicat-Oficial.jpg?fit=960%2C540&ssl=1\" \/>\n\t<meta property=\"og:image:width\" content=\"960\" \/>\n\t<meta property=\"og:image:height\" content=\"540\" \/>\n\t<meta property=\"og:image:type\" content=\"image\/jpeg\" \/>\n<meta name=\"author\" content=\"Webmaster\" \/>\n<meta name=\"twitter:card\" content=\"summary_large_image\" \/>\n<meta name=\"twitter:label1\" content=\"Escrito por\" \/>\n\t<meta name=\"twitter:data1\" content=\"Webmaster\" \/>\n\t<meta name=\"twitter:label2\" content=\"Tiempo de lectura\" \/>\n\t<meta name=\"twitter:data2\" content=\"2 minutos\" \/>\n<script type=\"application\/ld+json\" class=\"yoast-schema-graph\">{\"@context\":\"https:\\\/\\\/schema.org\",\"@graph\":[{\"@type\":\"Article\",\"@id\":\"https:\\\/\\\/olivamorosicristians.es\\\/suspensio-dels-actes-del-mig-any-fester-de-2021\\\/#article\",\"isPartOf\":{\"@id\":\"https:\\\/\\\/olivamorosicristians.es\\\/suspensio-dels-actes-del-mig-any-fester-de-2021\\\/\"},\"author\":{\"name\":\"Webmaster\",\"@id\":\"https:\\\/\\\/olivamorosicristians.es\\\/#\\\/schema\\\/person\\\/21ece052d8816103cad91a2676fd0149\"},\"headline\":\"Suspensi\u00f3 dels actes del Mig Any Fester de 2021\",\"datePublished\":\"2021-01-19T09:55:00+00:00\",\"dateModified\":\"2021-02-04T19:24:40+00:00\",\"mainEntityOfPage\":{\"@id\":\"https:\\\/\\\/olivamorosicristians.es\\\/suspensio-dels-actes-del-mig-any-fester-de-2021\\\/\"},\"wordCount\":386,\"publisher\":{\"@id\":\"https:\\\/\\\/olivamorosicristians.es\\\/#organization\"},\"image\":{\"@id\":\"https:\\\/\\\/olivamorosicristians.es\\\/suspensio-dels-actes-del-mig-any-fester-de-2021\\\/#primaryimage\"},\"thumbnailUrl\":\"https:\\\/\\\/i0.wp.com\\\/olivamorosicristians.es\\\/wp-content\\\/uploads\\\/2020\\\/04\\\/Comunicat-Oficial.jpg?fit=960%2C540&ssl=1\",\"articleSection\":[\"Federaci\u00f3\"],\"inLanguage\":\"es\"},{\"@type\":\"WebPage\",\"@id\":\"https:\\\/\\\/olivamorosicristians.es\\\/suspensio-dels-actes-del-mig-any-fester-de-2021\\\/\",\"url\":\"https:\\\/\\\/olivamorosicristians.es\\\/suspensio-dels-actes-del-mig-any-fester-de-2021\\\/\",\"name\":\"Suspensi\u00f3 dels actes del Mig Any Fester de 2021 - Moros i Cristians Oliva\",\"isPartOf\":{\"@id\":\"https:\\\/\\\/olivamorosicristians.es\\\/#website\"},\"primaryImageOfPage\":{\"@id\":\"https:\\\/\\\/olivamorosicristians.es\\\/suspensio-dels-actes-del-mig-any-fester-de-2021\\\/#primaryimage\"},\"image\":{\"@id\":\"https:\\\/\\\/olivamorosicristians.es\\\/suspensio-dels-actes-del-mig-any-fester-de-2021\\\/#primaryimage\"},\"thumbnailUrl\":\"https:\\\/\\\/i0.wp.com\\\/olivamorosicristians.es\\\/wp-content\\\/uploads\\\/2020\\\/04\\\/Comunicat-Oficial.jpg?fit=960%2C540&ssl=1\",\"datePublished\":\"2021-01-19T09:55:00+00:00\",\"dateModified\":\"2021-02-04T19:24:40+00:00\",\"breadcrumb\":{\"@id\":\"https:\\\/\\\/olivamorosicristians.es\\\/suspensio-dels-actes-del-mig-any-fester-de-2021\\\/#breadcrumb\"},\"inLanguage\":\"es\",\"potentialAction\":[{\"@type\":\"ReadAction\",\"target\":[\"https:\\\/\\\/olivamorosicristians.es\\\/suspensio-dels-actes-del-mig-any-fester-de-2021\\\/\"]}]},{\"@type\":\"ImageObject\",\"inLanguage\":\"es\",\"@id\":\"https:\\\/\\\/olivamorosicristians.es\\\/suspensio-dels-actes-del-mig-any-fester-de-2021\\\/#primaryimage\",\"url\":\"https:\\\/\\\/i0.wp.com\\\/olivamorosicristians.es\\\/wp-content\\\/uploads\\\/2020\\\/04\\\/Comunicat-Oficial.jpg?fit=960%2C540&ssl=1\",\"contentUrl\":\"https:\\\/\\\/i0.wp.com\\\/olivamorosicristians.es\\\/wp-content\\\/uploads\\\/2020\\\/04\\\/Comunicat-Oficial.jpg?fit=960%2C540&ssl=1\",\"width\":960,\"height\":540},{\"@type\":\"BreadcrumbList\",\"@id\":\"https:\\\/\\\/olivamorosicristians.es\\\/suspensio-dels-actes-del-mig-any-fester-de-2021\\\/#breadcrumb\",\"itemListElement\":[{\"@type\":\"ListItem\",\"position\":1,\"name\":\"Portada\",\"item\":\"https:\\\/\\\/olivamorosicristians.es\\\/\"},{\"@type\":\"ListItem\",\"position\":2,\"name\":\"Suspensi\u00f3 dels actes del Mig Any Fester de 2021\"}]},{\"@type\":\"WebSite\",\"@id\":\"https:\\\/\\\/olivamorosicristians.es\\\/#website\",\"url\":\"https:\\\/\\\/olivamorosicristians.es\\\/\",\"name\":\"Moros i Cristians Oliva\",\"description\":\"FMCO\",\"publisher\":{\"@id\":\"https:\\\/\\\/olivamorosicristians.es\\\/#organization\"},\"potentialAction\":[{\"@type\":\"SearchAction\",\"target\":{\"@type\":\"EntryPoint\",\"urlTemplate\":\"https:\\\/\\\/olivamorosicristians.es\\\/?s={search_term_string}\"},\"query-input\":{\"@type\":\"PropertyValueSpecification\",\"valueRequired\":true,\"valueName\":\"search_term_string\"}}],\"inLanguage\":\"es\"},{\"@type\":\"Organization\",\"@id\":\"https:\\\/\\\/olivamorosicristians.es\\\/#organization\",\"name\":\"Federaci\u00f3 de Moros i Cristians - Oliva\",\"url\":\"https:\\\/\\\/olivamorosicristians.es\\\/\",\"logo\":{\"@type\":\"ImageObject\",\"inLanguage\":\"es\",\"@id\":\"https:\\\/\\\/olivamorosicristians.es\\\/#\\\/schema\\\/logo\\\/image\\\/\",\"url\":\"https:\\\/\\\/i2.wp.com\\\/olivamorosicristians.es\\\/wp-content\\\/uploads\\\/2018\\\/06\\\/Icon_FMiCO.png?fit=50%2C50&ssl=1\",\"contentUrl\":\"https:\\\/\\\/i2.wp.com\\\/olivamorosicristians.es\\\/wp-content\\\/uploads\\\/2018\\\/06\\\/Icon_FMiCO.png?fit=50%2C50&ssl=1\",\"width\":50,\"height\":50,\"caption\":\"Federaci\u00f3 de Moros i Cristians - Oliva\"},\"image\":{\"@id\":\"https:\\\/\\\/olivamorosicristians.es\\\/#\\\/schema\\\/logo\\\/image\\\/\"},\"sameAs\":[\"https:\\\/\\\/www.facebook.com\\\/federaciodemorosicristiansdoliva\\\/\",\"https:\\\/\\\/www.instagram.com\\\/morosicristiansoliva\\\/?hl=es\"]},{\"@type\":\"Person\",\"@id\":\"https:\\\/\\\/olivamorosicristians.es\\\/#\\\/schema\\\/person\\\/21ece052d8816103cad91a2676fd0149\",\"name\":\"Webmaster\",\"image\":{\"@type\":\"ImageObject\",\"inLanguage\":\"es\",\"@id\":\"https:\\\/\\\/secure.gravatar.com\\\/avatar\\\/18de20f14d74abe0c800b423a8b0e24cae6153cb6baeb2c2df80e1cef2117e0d?s=96&d=mm&r=g\",\"url\":\"https:\\\/\\\/secure.gravatar.com\\\/avatar\\\/18de20f14d74abe0c800b423a8b0e24cae6153cb6baeb2c2df80e1cef2117e0d?s=96&d=mm&r=g\",\"contentUrl\":\"https:\\\/\\\/secure.gravatar.com\\\/avatar\\\/18de20f14d74abe0c800b423a8b0e24cae6153cb6baeb2c2df80e1cef2117e0d?s=96&d=mm&r=g\",\"caption\":\"Webmaster\"},\"sameAs\":[\"https:\\\/\\\/www.facebook.com\\\/federaciodemorosicristiansdoliva\",\"https:\\\/\\\/www.instagram.com\\\/morosicristiansoliva\\\/\"]}]}<\/script>\n<!-- \/ Yoast SEO plugin. -->","yoast_head_json":{"title":"Suspensi\u00f3 dels actes del Mig Any Fester de 2021 - Moros i Cristians Oliva","robots":{"index":"index","follow":"follow","max-snippet":"max-snippet:-1","max-image-preview":"max-image-preview:large","max-video-preview":"max-video-preview:-1"},"canonical":"https:\/\/olivamorosicristians.es\/es\/suspensio-dels-actes-del-mig-any-fester-de-2021\/","og_locale":"es_ES","og_type":"article","og_title":"Suspensi\u00f3 dels actes del Mig Any Fester de 2021 - Moros i Cristians Oliva","og_url":"https:\/\/olivamorosicristians.es\/es\/suspensio-dels-actes-del-mig-any-fester-de-2021\/","og_site_name":"Moros i Cristians Oliva","article_publisher":"https:\/\/www.facebook.com\/federaciodemorosicristiansdoliva\/","article_author":"https:\/\/www.facebook.com\/federaciodemorosicristiansdoliva","article_published_time":"2021-01-19T09:55:00+00:00","article_modified_time":"2021-02-04T19:24:40+00:00","og_image":[{"width":960,"height":540,"url":"https:\/\/i0.wp.com\/olivamorosicristians.es\/wp-content\/uploads\/2020\/04\/Comunicat-Oficial.jpg?fit=960%2C540&ssl=1","type":"image\/jpeg"}],"author":"Webmaster","twitter_card":"summary_large_image","twitter_misc":{"Escrito por":"Webmaster","Tiempo de lectura":"2 minutos"},"schema":{"@context":"https:\/\/schema.org","@graph":[{"@type":"Article","@id":"https:\/\/olivamorosicristians.es\/suspensio-dels-actes-del-mig-any-fester-de-2021\/#article","isPartOf":{"@id":"https:\/\/olivamorosicristians.es\/suspensio-dels-actes-del-mig-any-fester-de-2021\/"},"author":{"name":"Webmaster","@id":"https:\/\/olivamorosicristians.es\/#\/schema\/person\/21ece052d8816103cad91a2676fd0149"},"headline":"Suspensi\u00f3 dels actes del Mig Any Fester de 2021","datePublished":"2021-01-19T09:55:00+00:00","dateModified":"2021-02-04T19:24:40+00:00","mainEntityOfPage":{"@id":"https:\/\/olivamorosicristians.es\/suspensio-dels-actes-del-mig-any-fester-de-2021\/"},"wordCount":386,"publisher":{"@id":"https:\/\/olivamorosicristians.es\/#organization"},"image":{"@id":"https:\/\/olivamorosicristians.es\/suspensio-dels-actes-del-mig-any-fester-de-2021\/#primaryimage"},"thumbnailUrl":"https:\/\/i0.wp.com\/olivamorosicristians.es\/wp-content\/uploads\/2020\/04\/Comunicat-Oficial.jpg?fit=960%2C540&ssl=1","articleSection":["Federaci\u00f3"],"inLanguage":"es"},{"@type":"WebPage","@id":"https:\/\/olivamorosicristians.es\/suspensio-dels-actes-del-mig-any-fester-de-2021\/","url":"https:\/\/olivamorosicristians.es\/suspensio-dels-actes-del-mig-any-fester-de-2021\/","name":"Suspensi\u00f3 dels actes del Mig Any Fester de 2021 - Moros i Cristians Oliva","isPartOf":{"@id":"https:\/\/olivamorosicristians.es\/#website"},"primaryImageOfPage":{"@id":"https:\/\/olivamorosicristians.es\/suspensio-dels-actes-del-mig-any-fester-de-2021\/#primaryimage"},"image":{"@id":"https:\/\/olivamorosicristians.es\/suspensio-dels-actes-del-mig-any-fester-de-2021\/#primaryimage"},"thumbnailUrl":"https:\/\/i0.wp.com\/olivamorosicristians.es\/wp-content\/uploads\/2020\/04\/Comunicat-Oficial.jpg?fit=960%2C540&ssl=1","datePublished":"2021-01-19T09:55:00+00:00","dateModified":"2021-02-04T19:24:40+00:00","breadcrumb":{"@id":"https:\/\/olivamorosicristians.es\/suspensio-dels-actes-del-mig-any-fester-de-2021\/#breadcrumb"},"inLanguage":"es","potentialAction":[{"@type":"ReadAction","target":["https:\/\/olivamorosicristians.es\/suspensio-dels-actes-del-mig-any-fester-de-2021\/"]}]},{"@type":"ImageObject","inLanguage":"es","@id":"https:\/\/olivamorosicristians.es\/suspensio-dels-actes-del-mig-any-fester-de-2021\/#primaryimage","url":"https:\/\/i0.wp.com\/olivamorosicristians.es\/wp-content\/uploads\/2020\/04\/Comunicat-Oficial.jpg?fit=960%2C540&ssl=1","contentUrl":"https:\/\/i0.wp.com\/olivamorosicristians.es\/wp-content\/uploads\/2020\/04\/Comunicat-Oficial.jpg?fit=960%2C540&ssl=1","width":960,"height":540},{"@type":"BreadcrumbList","@id":"https:\/\/olivamorosicristians.es\/suspensio-dels-actes-del-mig-any-fester-de-2021\/#breadcrumb","itemListElement":[{"@type":"ListItem","position":1,"name":"Portada","item":"https:\/\/olivamorosicristians.es\/"},{"@type":"ListItem","position":2,"name":"Suspensi\u00f3 dels actes del Mig Any Fester de 2021"}]},{"@type":"WebSite","@id":"https:\/\/olivamorosicristians.es\/#website","url":"https:\/\/olivamorosicristians.es\/","name":"Moros i Cristians Oliva","description":"FMCO","publisher":{"@id":"https:\/\/olivamorosicristians.es\/#organization"},"potentialAction":[{"@type":"SearchAction","target":{"@type":"EntryPoint","urlTemplate":"https:\/\/olivamorosicristians.es\/?s={search_term_string}"},"query-input":{"@type":"PropertyValueSpecification","valueRequired":true,"valueName":"search_term_string"}}],"inLanguage":"es"},{"@type":"Organization","@id":"https:\/\/olivamorosicristians.es\/#organization","name":"La Federaci\u00f3n de Moros y Cristianos de Oliva","url":"https:\/\/olivamorosicristians.es\/","logo":{"@type":"ImageObject","inLanguage":"es","@id":"https:\/\/olivamorosicristians.es\/#\/schema\/logo\/image\/","url":"https:\/\/i2.wp.com\/olivamorosicristians.es\/wp-content\/uploads\/2018\/06\/Icon_FMiCO.png?fit=50%2C50&ssl=1","contentUrl":"https:\/\/i2.wp.com\/olivamorosicristians.es\/wp-content\/uploads\/2018\/06\/Icon_FMiCO.png?fit=50%2C50&ssl=1","width":50,"height":50,"caption":"Federaci\u00f3 de Moros i Cristians - Oliva"},"image":{"@id":"https:\/\/olivamorosicristians.es\/#\/schema\/logo\/image\/"},"sameAs":["https:\/\/www.facebook.com\/federaciodemorosicristiansdoliva\/","https:\/\/www.instagram.com\/morosicristiansoliva\/?hl=es"]},{"@type":"Person","@id":"https:\/\/olivamorosicristians.es\/#\/schema\/person\/21ece052d8816103cad91a2676fd0149","name":"Webmaster","image":{"@type":"ImageObject","inLanguage":"es","@id":"https:\/\/secure.gravatar.com\/avatar\/18de20f14d74abe0c800b423a8b0e24cae6153cb6baeb2c2df80e1cef2117e0d?s=96&d=mm&r=g","url":"https:\/\/secure.gravatar.com\/avatar\/18de20f14d74abe0c800b423a8b0e24cae6153cb6baeb2c2df80e1cef2117e0d?s=96&d=mm&r=g","contentUrl":"https:\/\/secure.gravatar.com\/avatar\/18de20f14d74abe0c800b423a8b0e24cae6153cb6baeb2c2df80e1cef2117e0d?s=96&d=mm&r=g","caption":"Webmaster"},"sameAs":["https:\/\/www.facebook.com\/federaciodemorosicristiansdoliva","https:\/\/www.instagram.com\/morosicristiansoliva\/"]}]}},"jetpack_publicize_connections":[],"jetpack_featured_media_url":"https:\/\/i0.wp.com\/olivamorosicristians.es\/wp-content\/uploads\/2020\/04\/Comunicat-Oficial.jpg?fit=960%2C540&ssl=1","jetpack_sharing_enabled":true,"jetpack_shortlink":"https:\/\/wp.me\/pagEx6-2Ei","jetpack-related-posts":[],"_links":{"self":[{"href":"https:\/\/olivamorosicristians.es\/es\/wp-json\/wp\/v2\/posts\/10186","targetHints":{"allow":["GET"]}}],"collection":[{"href":"https:\/\/olivamorosicristians.es\/es\/wp-json\/wp\/v2\/posts"}],"about":[{"href":"https:\/\/olivamorosicristians.es\/es\/wp-json\/wp\/v2\/types\/post"}],"author":[{"embeddable":true,"href":"https:\/\/olivamorosicristians.es\/es\/wp-json\/wp\/v2\/users\/1"}],"replies":[{"embeddable":true,"href":"https:\/\/olivamorosicristians.es\/es\/wp-json\/wp\/v2\/comments?post=10186"}],"version-history":[{"count":20,"href":"https:\/\/olivamorosicristians.es\/es\/wp-json\/wp\/v2\/posts\/10186\/revisions"}],"predecessor-version":[{"id":10260,"href":"https:\/\/olivamorosicristians.es\/es\/wp-json\/wp\/v2\/posts\/10186\/revisions\/10260"}],"wp:featuredmedia":[{"embeddable":true,"href":"https:\/\/olivamorosicristians.es\/es\/wp-json\/wp\/v2\/media\/9710"}],"wp:attachment":[{"href":"https:\/\/olivamorosicristians.es\/es\/wp-json\/wp\/v2\/media?parent=10186"}],"wp:term":[{"taxonomy":"category","embeddable":true,"href":"https:\/\/olivamorosicristians.es\/es\/wp-json\/wp\/v2\/categories?post=10186"},{"taxonomy":"post_tag","embeddable":true,"href":"https:\/\/olivamorosicristians.es\/es\/wp-json\/wp\/v2\/tags?post=10186"}],"curies":[{"name":"wp","href":"https:\/\/api.w.org\/{rel}","templated":true}]}}