{"id":10149,"date":"2020-10-22T19:48:11","date_gmt":"2020-10-22T17:48:11","guid":{"rendered":"https:\/\/olivamorosicristians.es\/?p=10149"},"modified":"2020-10-22T20:17:07","modified_gmt":"2020-10-22T18:17:07","slug":"un-estudi-per-coneixer-les-arrels-i-tracar-linies-solides-devolucio-de-la-festa","status":"publish","type":"post","link":"https:\/\/olivamorosicristians.es\/es\/un-estudi-per-coneixer-les-arrels-i-tracar-linies-solides-devolucio-de-la-festa\/","title":{"rendered":"Un estudi per con\u00e9ixer les arrels i tra\u00e7ar l\u00ednies s\u00f2lides d\u2019evoluci\u00f3 de la Festa"},"content":{"rendered":"<p class=\"western\" align=\"justify\"><span style=\"font-family: Montserrat;\"><span style=\"font-size: large;\"><i>Divendres, a la Casa de la Festa, es presentar\u00e0 les bases de l\u2019estudi del que col\u00b7laborar\u00e0 l\u2019Ajuntament d\u2019Oliva i t\u00e8cnics de la Universitat de Val\u00e8ncia. <\/i><\/span><\/span><\/p>\n<p class=\"western\" align=\"justify\"><span style=\"font-family: Montserrat;\"><span style=\"font-size: large;\"><i>Aquest estudi pret\u00e9n ser el punt de fuga des d\u2019on es projectaran les l\u00ednies de la commemoraci\u00f3 del Centenari de la primera celebraci\u00f3 i Cinquantenari de les actuals Festes de Moros i Cristians d\u2019Oliva en el marc temporal 2021-2025.<\/i><\/span><\/span><\/p>\n<p class=\"western\" align=\"justify\"><span style=\"font-family: Montserrat;\"><span style=\"font-size: large;\">El divendres 23 d\u2019octubre de 2020, a partir de les 20:30h, <span style=\"color: #000000;\">en la Casa de la Festa, la Federaci\u00f3 de Moros i Cristians d\u2019Oliva presentar\u00e0 als festers i festeres el projecte d\u2019estudi hist\u00f2ric i sociol\u00f2gic de la Festa de Moros i Cristians d\u2019Oliva. <\/span><\/span><\/span><\/p>\n<p class=\"western\" align=\"justify\"><span style=\"font-family: Montserrat;\"><span style=\"font-size: large;\"><span style=\"color: #000000;\">L\u2019any 2021 es compliran 100 anys de les primeres celebracions de Moros i Cristians a la ciutat d\u2019Oliva i, l\u2019any 2025, el 50 aniversari de l\u2019actual etapa. Aprofitant aquestes dos fites, la FMICO prepara un conjunt d\u2019activitats que es desplegaran al llarg d\u2019aquests cinc anys. Com a punt de partida, l\u2019estudi hist\u00f2ric i sociol\u00f2gic que ve treballant-se des del mes de juny per part de la Comissi\u00f3 de Treball del Centenari i Cinquantenari constitu\u00efda a l\u2019efecte, conformada per un grup de festers i festeres de totes les edats. <\/span><\/span><\/span><\/p>\n<p class=\"western\" align=\"justify\"><span style=\"font-family: Montserrat;\"><span style=\"font-size: large;\"><span style=\"color: #000000;\">La crisi sanit\u00e0ria provocada per la Covid-19 pot ser una oportunitat per parar i reflexionar envers de l\u2019estat de la nostra Festa i, aix\u00ed, coneixent millor d\u2019on venim poder tra\u00e7ar l\u00ednies s\u00f2lides d\u2019evoluci\u00f3 de la Festa en un futur. Els objectius principals d\u2019aquest estudi s\u00f3n:<\/span><\/span><\/span><\/p>\n<p class=\"western\" align=\"justify\"><span style=\"font-family: Montserrat;\"><span style=\"font-size: large;\"><span style=\"color: #000000;\"> -Recuperar i conservar la mem\u00f2ria oral i arxiv\u00edstica de les Festes de Moros i Cristians d\u2019Oliva.<\/span><\/span><\/span><\/p>\n<p class=\"western\" align=\"justify\"><span style=\"font-family: Montserrat;\"><span style=\"font-size: large;\"><span style=\"color: #000000;\"> -Recollir informaci\u00f3 sobre els processos de transformaci\u00f3 festiva. <\/span><\/span><\/span><\/p>\n<p class=\"western\" align=\"justify\"><span style=\"font-family: Montserrat;\"><span style=\"font-size: large;\"><span style=\"color: #000000;\"> -Arreplegar les opinions i percepcions de persones que formem part de l\u2019entramat festiu al voltant de la naturalesa i caracter\u00edstiques de les Festes oliveres. <\/span><\/span><\/span><\/p>\n<p class=\"western\" align=\"justify\"><span style=\"font-family: Montserrat;\"><span style=\"font-size: large;\"><span style=\"color: #000000;\"> -Con\u00e8ixer les valoracions del col\u00b7lectiu fester pel que fa a diversos aspectes de la festa i dels canvis que es pogueren proposar cap al futur. <\/span><\/span><\/span><\/p>\n<p class=\"western\" align=\"justify\"><span style=\"font-family: Montserrat;\"><span style=\"font-size: large;\"><span style=\"color: #000000;\"> -Con\u00e8ixer la realitat sociol\u00f2gica de les persones que formen part del ritual oliver. <\/span><\/span><\/span><\/p>\n<p class=\"western\" align=\"justify\"><span style=\"font-family: Montserrat;\"><span style=\"font-size: large;\"><span style=\"color: #000000;\">Qui coordinar\u00e0 l\u2019estudi ser\u00e0 Ver\u00f2nica Gisbert Gracia, Doctora en Ci\u00e8ncies Socials y professora del Departament de Sociologia i Antropologia Social de la Universitat de Val\u00e8ncia. Els seus treballs de recerca es contextualitzen en la Sociologia de la Cultura, m\u00e9s espec\u00edficament, en l\u2019\u00e0mbit de les festes populars. <\/span><\/span><\/span><\/p>\n<p class=\"western\" align=\"justify\"><span style=\"font-family: Montserrat;\"><span style=\"font-size: large;\"><span style=\"color: #000000;\">Al grup de recerca es troben tamb\u00e9 els festers: Manolo Arnal, Rafa Castell\u00f3 i Pep Fenollar. Com a historiadora i al capdavant de desenvolupament de la recerca arxiv\u00edstica: Carmen Villora. Miquel Lleches com a especialista en ling\u00fc\u00edstica per a la correcci\u00f3 dels materials generats. I per a l\u2019edici\u00f3 del material audiovisual, per a la construcci\u00f3 i\/o gesti\u00f3 web &#8211; Youtube, disseny gr\u00e0fic per l\u2019edici\u00f3 i maquetaci\u00f3 de l\u2019estudi generat: Vicent Llorca, Diego Mestre i Helena Ma\u00f1\u00f3.<\/span><\/span><\/span><\/p>\n<p class=\"western\" align=\"justify\"><span style=\"font-family: Montserrat;\"><span style=\"font-size: large;\"><span style=\"color: #000000;\">Combinant t\u00e8cniques d\u2019investigaci\u00f3 qualitatives, amb entrevistes que pretendran arreplegar la mem\u00f2ria viva, i quantitatives, amb un q\u00fcestionari que es passar\u00e0 als festers i festeres, s\u2019intentar\u00e0 obtenir un coneixement en profunditat del passat i present dels Moros i Cristians d\u2019Oliva per projectar un futur que dote d\u2019una major idiosincr\u00e0sia i singularitat a les Festes d\u2019Oliva.<\/span><\/span><\/span><\/p>\n<p class=\"western\" align=\"justify\"><span style=\"font-family: Montserrat;\"><span style=\"font-size: large;\"><span style=\"color: #000000;\">Aquest estudi ser\u00e0 possible amb la col\u00b7laboraci\u00f3 de la Regidoria de Festes i la Regidoria de Cultura de la l\u2019Ajuntament d\u2019Oliva. <\/span><\/span><\/span><\/p>\n<p class=\"western\" align=\"justify\"><span style=\"font-family: Montserrat;\"><span style=\"font-size: large;\"><span style=\"color: #000000;\"><b>\u00d3scar Prieto, president de la FMICO:<\/b><\/span><span style=\"color: #000000;\"> \u00ab<\/span><span style=\"color: #000000;\"><i>Aquest moment sanitari ens condueix a la reflexi\u00f3. Encetem una etapa per a con\u00e8ixer-nos millor, valorar coses que amb el tr\u00e0fec d\u2019un any normal de festa sembla quasi impossible. \u00c9s moment de donar rellev\u00e0ncia als aspectes culturals de la Festa per fer-los eix central des d\u2019on con\u00e8ixer-nos millor, per saber d\u2019on venim i valorar metes futures.<\/i><\/span><span style=\"color: #000000;\">\u00bb.<\/span><\/span><\/span><\/p>","protected":false},"excerpt":{"rendered":"<p>Divendres, a la Casa de la Festa, es presentar\u00e0 les bases de l\u2019estudi del que col\u00b7laborar\u00e0 l\u2019Ajuntament d\u2019Oliva i t\u00e8cnics de la Universitat de Val\u00e8ncia. Aquest estudi pret\u00e9n ser el punt de fuga des d\u2019on es projectaran les l\u00ednies de la commemoraci\u00f3 del Centenari de la primera celebraci\u00f3 i Cinquantenari de les actuals Festes de [&hellip;]<\/p>\n","protected":false},"author":1,"featured_media":10157,"comment_status":"closed","ping_status":"open","sticky":false,"template":"","format":"standard","meta":{"jetpack_post_was_ever_published":false,"_jetpack_newsletter_access":"","_jetpack_dont_email_post_to_subs":false,"_jetpack_newsletter_tier_id":0,"_jetpack_memberships_contains_paywalled_content":false,"_jetpack_memberships_contains_paid_content":false,"footnotes":"","jetpack_publicize_message":"","jetpack_publicize_feature_enabled":true,"jetpack_social_post_already_shared":true,"jetpack_social_options":{"image_generator_settings":{"template":"highway","default_image_id":0,"font":"","enabled":false},"version":2}},"categories":[2,8],"tags":[],"class_list":["post-10149","post","type-post","status-publish","format-standard","has-post-thumbnail","hentry","category-federacio","category-historia"],"yoast_head":"<!-- This site is optimized with the Yoast SEO plugin v27.5 - https:\/\/yoast.com\/product\/yoast-seo-wordpress\/ -->\n<title>Un estudi per con\u00e9ixer les arrels i tra\u00e7ar l\u00ednies s\u00f2lides d\u2019evoluci\u00f3 de la Festa - Moros i Cristians Oliva<\/title>\n<meta name=\"robots\" content=\"index, follow, max-snippet:-1, max-image-preview:large, max-video-preview:-1\" \/>\n<link rel=\"canonical\" href=\"https:\/\/olivamorosicristians.es\/es\/un-estudi-per-coneixer-les-arrels-i-tracar-linies-solides-devolucio-de-la-festa\/\" \/>\n<meta property=\"og:locale\" content=\"es_ES\" \/>\n<meta property=\"og:type\" content=\"article\" \/>\n<meta property=\"og:title\" content=\"Un estudi per con\u00e9ixer les arrels i tra\u00e7ar l\u00ednies s\u00f2lides d\u2019evoluci\u00f3 de la Festa - Moros i Cristians Oliva\" \/>\n<meta property=\"og:description\" content=\"Divendres, a la Casa de la Festa, es presentar\u00e0 les bases de l\u2019estudi del que col\u00b7laborar\u00e0 l\u2019Ajuntament d\u2019Oliva i t\u00e8cnics de la Universitat de Val\u00e8ncia. Aquest estudi pret\u00e9n ser el punt de fuga des d\u2019on es projectaran les l\u00ednies de la commemoraci\u00f3 del Centenari de la primera celebraci\u00f3 i Cinquantenari de les actuals Festes de [&hellip;]\" \/>\n<meta property=\"og:url\" content=\"https:\/\/olivamorosicristians.es\/es\/un-estudi-per-coneixer-les-arrels-i-tracar-linies-solides-devolucio-de-la-festa\/\" \/>\n<meta property=\"og:site_name\" content=\"Moros i Cristians Oliva\" \/>\n<meta property=\"article:publisher\" content=\"https:\/\/www.facebook.com\/federaciodemorosicristiansdoliva\/\" \/>\n<meta property=\"article:author\" content=\"https:\/\/www.facebook.com\/federaciodemorosicristiansdoliva\" \/>\n<meta property=\"article:published_time\" content=\"2020-10-22T17:48:11+00:00\" \/>\n<meta property=\"article:modified_time\" content=\"2020-10-22T18:17:07+00:00\" \/>\n<meta property=\"og:image\" content=\"https:\/\/i1.wp.com\/olivamorosicristians.es\/wp-content\/uploads\/2020\/10\/Presentacio\u0301-Estudi-HistoricSociologic-2.jpg?fit=960%2C540&ssl=1\" \/>\n\t<meta property=\"og:image:width\" content=\"960\" \/>\n\t<meta property=\"og:image:height\" content=\"540\" \/>\n\t<meta property=\"og:image:type\" content=\"image\/jpeg\" \/>\n<meta name=\"author\" content=\"Webmaster\" \/>\n<meta name=\"twitter:card\" content=\"summary_large_image\" \/>\n<meta name=\"twitter:label1\" content=\"Escrito por\" \/>\n\t<meta name=\"twitter:data1\" content=\"Webmaster\" \/>\n\t<meta name=\"twitter:label2\" content=\"Tiempo de lectura\" \/>\n\t<meta name=\"twitter:data2\" content=\"3 minutos\" \/>\n<script type=\"application\/ld+json\" class=\"yoast-schema-graph\">{\"@context\":\"https:\\\/\\\/schema.org\",\"@graph\":[{\"@type\":\"Article\",\"@id\":\"https:\\\/\\\/olivamorosicristians.es\\\/un-estudi-per-coneixer-les-arrels-i-tracar-linies-solides-devolucio-de-la-festa\\\/#article\",\"isPartOf\":{\"@id\":\"https:\\\/\\\/olivamorosicristians.es\\\/un-estudi-per-coneixer-les-arrels-i-tracar-linies-solides-devolucio-de-la-festa\\\/\"},\"author\":{\"name\":\"Webmaster\",\"@id\":\"https:\\\/\\\/olivamorosicristians.es\\\/#\\\/schema\\\/person\\\/21ece052d8816103cad91a2676fd0149\"},\"headline\":\"Un estudi per con\u00e9ixer les arrels i tra\u00e7ar l\u00ednies s\u00f2lides d\u2019evoluci\u00f3 de la Festa\",\"datePublished\":\"2020-10-22T17:48:11+00:00\",\"dateModified\":\"2020-10-22T18:17:07+00:00\",\"mainEntityOfPage\":{\"@id\":\"https:\\\/\\\/olivamorosicristians.es\\\/un-estudi-per-coneixer-les-arrels-i-tracar-linies-solides-devolucio-de-la-festa\\\/\"},\"wordCount\":676,\"publisher\":{\"@id\":\"https:\\\/\\\/olivamorosicristians.es\\\/#organization\"},\"image\":{\"@id\":\"https:\\\/\\\/olivamorosicristians.es\\\/un-estudi-per-coneixer-les-arrels-i-tracar-linies-solides-devolucio-de-la-festa\\\/#primaryimage\"},\"thumbnailUrl\":\"https:\\\/\\\/i0.wp.com\\\/olivamorosicristians.es\\\/wp-content\\\/uploads\\\/2020\\\/10\\\/Presentacio%CC%81-Estudi-HistoricSociologic-2.jpg?fit=960%2C540&ssl=1\",\"articleSection\":[\"Federaci\u00f3\",\"Hist\u00f2ria\"],\"inLanguage\":\"es\"},{\"@type\":\"WebPage\",\"@id\":\"https:\\\/\\\/olivamorosicristians.es\\\/un-estudi-per-coneixer-les-arrels-i-tracar-linies-solides-devolucio-de-la-festa\\\/\",\"url\":\"https:\\\/\\\/olivamorosicristians.es\\\/un-estudi-per-coneixer-les-arrels-i-tracar-linies-solides-devolucio-de-la-festa\\\/\",\"name\":\"Un estudi per con\u00e9ixer les arrels i tra\u00e7ar l\u00ednies s\u00f2lides d\u2019evoluci\u00f3 de la Festa - Moros i Cristians Oliva\",\"isPartOf\":{\"@id\":\"https:\\\/\\\/olivamorosicristians.es\\\/#website\"},\"primaryImageOfPage\":{\"@id\":\"https:\\\/\\\/olivamorosicristians.es\\\/un-estudi-per-coneixer-les-arrels-i-tracar-linies-solides-devolucio-de-la-festa\\\/#primaryimage\"},\"image\":{\"@id\":\"https:\\\/\\\/olivamorosicristians.es\\\/un-estudi-per-coneixer-les-arrels-i-tracar-linies-solides-devolucio-de-la-festa\\\/#primaryimage\"},\"thumbnailUrl\":\"https:\\\/\\\/i0.wp.com\\\/olivamorosicristians.es\\\/wp-content\\\/uploads\\\/2020\\\/10\\\/Presentacio%CC%81-Estudi-HistoricSociologic-2.jpg?fit=960%2C540&ssl=1\",\"datePublished\":\"2020-10-22T17:48:11+00:00\",\"dateModified\":\"2020-10-22T18:17:07+00:00\",\"breadcrumb\":{\"@id\":\"https:\\\/\\\/olivamorosicristians.es\\\/un-estudi-per-coneixer-les-arrels-i-tracar-linies-solides-devolucio-de-la-festa\\\/#breadcrumb\"},\"inLanguage\":\"es\",\"potentialAction\":[{\"@type\":\"ReadAction\",\"target\":[\"https:\\\/\\\/olivamorosicristians.es\\\/un-estudi-per-coneixer-les-arrels-i-tracar-linies-solides-devolucio-de-la-festa\\\/\"]}]},{\"@type\":\"ImageObject\",\"inLanguage\":\"es\",\"@id\":\"https:\\\/\\\/olivamorosicristians.es\\\/un-estudi-per-coneixer-les-arrels-i-tracar-linies-solides-devolucio-de-la-festa\\\/#primaryimage\",\"url\":\"https:\\\/\\\/i0.wp.com\\\/olivamorosicristians.es\\\/wp-content\\\/uploads\\\/2020\\\/10\\\/Presentacio%CC%81-Estudi-HistoricSociologic-2.jpg?fit=960%2C540&ssl=1\",\"contentUrl\":\"https:\\\/\\\/i0.wp.com\\\/olivamorosicristians.es\\\/wp-content\\\/uploads\\\/2020\\\/10\\\/Presentacio%CC%81-Estudi-HistoricSociologic-2.jpg?fit=960%2C540&ssl=1\",\"width\":960,\"height\":540},{\"@type\":\"BreadcrumbList\",\"@id\":\"https:\\\/\\\/olivamorosicristians.es\\\/un-estudi-per-coneixer-les-arrels-i-tracar-linies-solides-devolucio-de-la-festa\\\/#breadcrumb\",\"itemListElement\":[{\"@type\":\"ListItem\",\"position\":1,\"name\":\"Portada\",\"item\":\"https:\\\/\\\/olivamorosicristians.es\\\/\"},{\"@type\":\"ListItem\",\"position\":2,\"name\":\"Un estudi per con\u00e9ixer les arrels i tra\u00e7ar l\u00ednies s\u00f2lides d\u2019evoluci\u00f3 de la Festa\"}]},{\"@type\":\"WebSite\",\"@id\":\"https:\\\/\\\/olivamorosicristians.es\\\/#website\",\"url\":\"https:\\\/\\\/olivamorosicristians.es\\\/\",\"name\":\"Moros i Cristians Oliva\",\"description\":\"FMCO\",\"publisher\":{\"@id\":\"https:\\\/\\\/olivamorosicristians.es\\\/#organization\"},\"potentialAction\":[{\"@type\":\"SearchAction\",\"target\":{\"@type\":\"EntryPoint\",\"urlTemplate\":\"https:\\\/\\\/olivamorosicristians.es\\\/?s={search_term_string}\"},\"query-input\":{\"@type\":\"PropertyValueSpecification\",\"valueRequired\":true,\"valueName\":\"search_term_string\"}}],\"inLanguage\":\"es\"},{\"@type\":\"Organization\",\"@id\":\"https:\\\/\\\/olivamorosicristians.es\\\/#organization\",\"name\":\"Federaci\u00f3 de Moros i Cristians - Oliva\",\"url\":\"https:\\\/\\\/olivamorosicristians.es\\\/\",\"logo\":{\"@type\":\"ImageObject\",\"inLanguage\":\"es\",\"@id\":\"https:\\\/\\\/olivamorosicristians.es\\\/#\\\/schema\\\/logo\\\/image\\\/\",\"url\":\"https:\\\/\\\/i2.wp.com\\\/olivamorosicristians.es\\\/wp-content\\\/uploads\\\/2018\\\/06\\\/Icon_FMiCO.png?fit=50%2C50&ssl=1\",\"contentUrl\":\"https:\\\/\\\/i2.wp.com\\\/olivamorosicristians.es\\\/wp-content\\\/uploads\\\/2018\\\/06\\\/Icon_FMiCO.png?fit=50%2C50&ssl=1\",\"width\":50,\"height\":50,\"caption\":\"Federaci\u00f3 de Moros i Cristians - Oliva\"},\"image\":{\"@id\":\"https:\\\/\\\/olivamorosicristians.es\\\/#\\\/schema\\\/logo\\\/image\\\/\"},\"sameAs\":[\"https:\\\/\\\/www.facebook.com\\\/federaciodemorosicristiansdoliva\\\/\",\"https:\\\/\\\/www.instagram.com\\\/morosicristiansoliva\\\/?hl=es\"]},{\"@type\":\"Person\",\"@id\":\"https:\\\/\\\/olivamorosicristians.es\\\/#\\\/schema\\\/person\\\/21ece052d8816103cad91a2676fd0149\",\"name\":\"Webmaster\",\"image\":{\"@type\":\"ImageObject\",\"inLanguage\":\"es\",\"@id\":\"https:\\\/\\\/secure.gravatar.com\\\/avatar\\\/18de20f14d74abe0c800b423a8b0e24cae6153cb6baeb2c2df80e1cef2117e0d?s=96&d=mm&r=g\",\"url\":\"https:\\\/\\\/secure.gravatar.com\\\/avatar\\\/18de20f14d74abe0c800b423a8b0e24cae6153cb6baeb2c2df80e1cef2117e0d?s=96&d=mm&r=g\",\"contentUrl\":\"https:\\\/\\\/secure.gravatar.com\\\/avatar\\\/18de20f14d74abe0c800b423a8b0e24cae6153cb6baeb2c2df80e1cef2117e0d?s=96&d=mm&r=g\",\"caption\":\"Webmaster\"},\"sameAs\":[\"https:\\\/\\\/www.facebook.com\\\/federaciodemorosicristiansdoliva\",\"https:\\\/\\\/www.instagram.com\\\/morosicristiansoliva\\\/\"]}]}<\/script>\n<!-- \/ Yoast SEO plugin. -->","yoast_head_json":{"title":"Un estudi per con\u00e9ixer les arrels i tra\u00e7ar l\u00ednies s\u00f2lides d\u2019evoluci\u00f3 de la Festa - Moros i Cristians Oliva","robots":{"index":"index","follow":"follow","max-snippet":"max-snippet:-1","max-image-preview":"max-image-preview:large","max-video-preview":"max-video-preview:-1"},"canonical":"https:\/\/olivamorosicristians.es\/es\/un-estudi-per-coneixer-les-arrels-i-tracar-linies-solides-devolucio-de-la-festa\/","og_locale":"es_ES","og_type":"article","og_title":"Un estudi per con\u00e9ixer les arrels i tra\u00e7ar l\u00ednies s\u00f2lides d\u2019evoluci\u00f3 de la Festa - Moros i Cristians Oliva","og_description":"Divendres, a la Casa de la Festa, es presentar\u00e0 les bases de l\u2019estudi del que col\u00b7laborar\u00e0 l\u2019Ajuntament d\u2019Oliva i t\u00e8cnics de la Universitat de Val\u00e8ncia. Aquest estudi pret\u00e9n ser el punt de fuga des d\u2019on es projectaran les l\u00ednies de la commemoraci\u00f3 del Centenari de la primera celebraci\u00f3 i Cinquantenari de les actuals Festes de [&hellip;]","og_url":"https:\/\/olivamorosicristians.es\/es\/un-estudi-per-coneixer-les-arrels-i-tracar-linies-solides-devolucio-de-la-festa\/","og_site_name":"Moros i Cristians Oliva","article_publisher":"https:\/\/www.facebook.com\/federaciodemorosicristiansdoliva\/","article_author":"https:\/\/www.facebook.com\/federaciodemorosicristiansdoliva","article_published_time":"2020-10-22T17:48:11+00:00","article_modified_time":"2020-10-22T18:17:07+00:00","og_image":[{"width":960,"height":540,"url":"https:\/\/i1.wp.com\/olivamorosicristians.es\/wp-content\/uploads\/2020\/10\/Presentacio\u0301-Estudi-HistoricSociologic-2.jpg?fit=960%2C540&ssl=1","type":"image\/jpeg"}],"author":"Webmaster","twitter_card":"summary_large_image","twitter_misc":{"Escrito por":"Webmaster","Tiempo de lectura":"3 minutos"},"schema":{"@context":"https:\/\/schema.org","@graph":[{"@type":"Article","@id":"https:\/\/olivamorosicristians.es\/un-estudi-per-coneixer-les-arrels-i-tracar-linies-solides-devolucio-de-la-festa\/#article","isPartOf":{"@id":"https:\/\/olivamorosicristians.es\/un-estudi-per-coneixer-les-arrels-i-tracar-linies-solides-devolucio-de-la-festa\/"},"author":{"name":"Webmaster","@id":"https:\/\/olivamorosicristians.es\/#\/schema\/person\/21ece052d8816103cad91a2676fd0149"},"headline":"Un estudi per con\u00e9ixer les arrels i tra\u00e7ar l\u00ednies s\u00f2lides d\u2019evoluci\u00f3 de la Festa","datePublished":"2020-10-22T17:48:11+00:00","dateModified":"2020-10-22T18:17:07+00:00","mainEntityOfPage":{"@id":"https:\/\/olivamorosicristians.es\/un-estudi-per-coneixer-les-arrels-i-tracar-linies-solides-devolucio-de-la-festa\/"},"wordCount":676,"publisher":{"@id":"https:\/\/olivamorosicristians.es\/#organization"},"image":{"@id":"https:\/\/olivamorosicristians.es\/un-estudi-per-coneixer-les-arrels-i-tracar-linies-solides-devolucio-de-la-festa\/#primaryimage"},"thumbnailUrl":"https:\/\/i0.wp.com\/olivamorosicristians.es\/wp-content\/uploads\/2020\/10\/Presentacio%CC%81-Estudi-HistoricSociologic-2.jpg?fit=960%2C540&ssl=1","articleSection":["Federaci\u00f3","Hist\u00f2ria"],"inLanguage":"es"},{"@type":"WebPage","@id":"https:\/\/olivamorosicristians.es\/un-estudi-per-coneixer-les-arrels-i-tracar-linies-solides-devolucio-de-la-festa\/","url":"https:\/\/olivamorosicristians.es\/un-estudi-per-coneixer-les-arrels-i-tracar-linies-solides-devolucio-de-la-festa\/","name":"Un estudi per con\u00e9ixer les arrels i tra\u00e7ar l\u00ednies s\u00f2lides d\u2019evoluci\u00f3 de la Festa - Moros i Cristians Oliva","isPartOf":{"@id":"https:\/\/olivamorosicristians.es\/#website"},"primaryImageOfPage":{"@id":"https:\/\/olivamorosicristians.es\/un-estudi-per-coneixer-les-arrels-i-tracar-linies-solides-devolucio-de-la-festa\/#primaryimage"},"image":{"@id":"https:\/\/olivamorosicristians.es\/un-estudi-per-coneixer-les-arrels-i-tracar-linies-solides-devolucio-de-la-festa\/#primaryimage"},"thumbnailUrl":"https:\/\/i0.wp.com\/olivamorosicristians.es\/wp-content\/uploads\/2020\/10\/Presentacio%CC%81-Estudi-HistoricSociologic-2.jpg?fit=960%2C540&ssl=1","datePublished":"2020-10-22T17:48:11+00:00","dateModified":"2020-10-22T18:17:07+00:00","breadcrumb":{"@id":"https:\/\/olivamorosicristians.es\/un-estudi-per-coneixer-les-arrels-i-tracar-linies-solides-devolucio-de-la-festa\/#breadcrumb"},"inLanguage":"es","potentialAction":[{"@type":"ReadAction","target":["https:\/\/olivamorosicristians.es\/un-estudi-per-coneixer-les-arrels-i-tracar-linies-solides-devolucio-de-la-festa\/"]}]},{"@type":"ImageObject","inLanguage":"es","@id":"https:\/\/olivamorosicristians.es\/un-estudi-per-coneixer-les-arrels-i-tracar-linies-solides-devolucio-de-la-festa\/#primaryimage","url":"https:\/\/i0.wp.com\/olivamorosicristians.es\/wp-content\/uploads\/2020\/10\/Presentacio%CC%81-Estudi-HistoricSociologic-2.jpg?fit=960%2C540&ssl=1","contentUrl":"https:\/\/i0.wp.com\/olivamorosicristians.es\/wp-content\/uploads\/2020\/10\/Presentacio%CC%81-Estudi-HistoricSociologic-2.jpg?fit=960%2C540&ssl=1","width":960,"height":540},{"@type":"BreadcrumbList","@id":"https:\/\/olivamorosicristians.es\/un-estudi-per-coneixer-les-arrels-i-tracar-linies-solides-devolucio-de-la-festa\/#breadcrumb","itemListElement":[{"@type":"ListItem","position":1,"name":"Portada","item":"https:\/\/olivamorosicristians.es\/"},{"@type":"ListItem","position":2,"name":"Un estudi per con\u00e9ixer les arrels i tra\u00e7ar l\u00ednies s\u00f2lides d\u2019evoluci\u00f3 de la Festa"}]},{"@type":"WebSite","@id":"https:\/\/olivamorosicristians.es\/#website","url":"https:\/\/olivamorosicristians.es\/","name":"Moros i Cristians Oliva","description":"FMCO","publisher":{"@id":"https:\/\/olivamorosicristians.es\/#organization"},"potentialAction":[{"@type":"SearchAction","target":{"@type":"EntryPoint","urlTemplate":"https:\/\/olivamorosicristians.es\/?s={search_term_string}"},"query-input":{"@type":"PropertyValueSpecification","valueRequired":true,"valueName":"search_term_string"}}],"inLanguage":"es"},{"@type":"Organization","@id":"https:\/\/olivamorosicristians.es\/#organization","name":"La Federaci\u00f3n de Moros y Cristianos de Oliva","url":"https:\/\/olivamorosicristians.es\/","logo":{"@type":"ImageObject","inLanguage":"es","@id":"https:\/\/olivamorosicristians.es\/#\/schema\/logo\/image\/","url":"https:\/\/i2.wp.com\/olivamorosicristians.es\/wp-content\/uploads\/2018\/06\/Icon_FMiCO.png?fit=50%2C50&ssl=1","contentUrl":"https:\/\/i2.wp.com\/olivamorosicristians.es\/wp-content\/uploads\/2018\/06\/Icon_FMiCO.png?fit=50%2C50&ssl=1","width":50,"height":50,"caption":"Federaci\u00f3 de Moros i Cristians - Oliva"},"image":{"@id":"https:\/\/olivamorosicristians.es\/#\/schema\/logo\/image\/"},"sameAs":["https:\/\/www.facebook.com\/federaciodemorosicristiansdoliva\/","https:\/\/www.instagram.com\/morosicristiansoliva\/?hl=es"]},{"@type":"Person","@id":"https:\/\/olivamorosicristians.es\/#\/schema\/person\/21ece052d8816103cad91a2676fd0149","name":"Webmaster","image":{"@type":"ImageObject","inLanguage":"es","@id":"https:\/\/secure.gravatar.com\/avatar\/18de20f14d74abe0c800b423a8b0e24cae6153cb6baeb2c2df80e1cef2117e0d?s=96&d=mm&r=g","url":"https:\/\/secure.gravatar.com\/avatar\/18de20f14d74abe0c800b423a8b0e24cae6153cb6baeb2c2df80e1cef2117e0d?s=96&d=mm&r=g","contentUrl":"https:\/\/secure.gravatar.com\/avatar\/18de20f14d74abe0c800b423a8b0e24cae6153cb6baeb2c2df80e1cef2117e0d?s=96&d=mm&r=g","caption":"Webmaster"},"sameAs":["https:\/\/www.facebook.com\/federaciodemorosicristiansdoliva","https:\/\/www.instagram.com\/morosicristiansoliva\/"]}]}},"jetpack_publicize_connections":[],"jetpack_featured_media_url":"https:\/\/i0.wp.com\/olivamorosicristians.es\/wp-content\/uploads\/2020\/10\/Presentacio%CC%81-Estudi-HistoricSociologic-2.jpg?fit=960%2C540&ssl=1","jetpack_sharing_enabled":true,"jetpack_shortlink":"https:\/\/wp.me\/pagEx6-2DH","jetpack-related-posts":[],"_links":{"self":[{"href":"https:\/\/olivamorosicristians.es\/es\/wp-json\/wp\/v2\/posts\/10149","targetHints":{"allow":["GET"]}}],"collection":[{"href":"https:\/\/olivamorosicristians.es\/es\/wp-json\/wp\/v2\/posts"}],"about":[{"href":"https:\/\/olivamorosicristians.es\/es\/wp-json\/wp\/v2\/types\/post"}],"author":[{"embeddable":true,"href":"https:\/\/olivamorosicristians.es\/es\/wp-json\/wp\/v2\/users\/1"}],"replies":[{"embeddable":true,"href":"https:\/\/olivamorosicristians.es\/es\/wp-json\/wp\/v2\/comments?post=10149"}],"version-history":[{"count":6,"href":"https:\/\/olivamorosicristians.es\/es\/wp-json\/wp\/v2\/posts\/10149\/revisions"}],"predecessor-version":[{"id":10161,"href":"https:\/\/olivamorosicristians.es\/es\/wp-json\/wp\/v2\/posts\/10149\/revisions\/10161"}],"wp:featuredmedia":[{"embeddable":true,"href":"https:\/\/olivamorosicristians.es\/es\/wp-json\/wp\/v2\/media\/10157"}],"wp:attachment":[{"href":"https:\/\/olivamorosicristians.es\/es\/wp-json\/wp\/v2\/media?parent=10149"}],"wp:term":[{"taxonomy":"category","embeddable":true,"href":"https:\/\/olivamorosicristians.es\/es\/wp-json\/wp\/v2\/categories?post=10149"},{"taxonomy":"post_tag","embeddable":true,"href":"https:\/\/olivamorosicristians.es\/es\/wp-json\/wp\/v2\/tags?post=10149"}],"curies":[{"name":"wp","href":"https:\/\/api.w.org\/{rel}","templated":true}]}}