{"id":10112,"date":"2020-08-03T11:35:20","date_gmt":"2020-08-03T09:35:20","guid":{"rendered":"https:\/\/olivamorosicristians.es\/?p=10112"},"modified":"2020-08-03T12:19:16","modified_gmt":"2020-08-03T10:19:16","slug":"les-radio-festes","status":"publish","type":"post","link":"https:\/\/olivamorosicristians.es\/es\/les-radio-festes\/","title":{"rendered":"Les R\u00e0dio Festes"},"content":{"rendered":"<p style=\"text-align: left;\" align=\"JUSTIFY\"><span style=\"font-family: Montserrat;\"><span style=\"font-size: large;\">En aquest any de la pand\u00e8mia, com vost\u00e9 sabr\u00e0 (no cal que furguem m\u00e9s en la ferida) no s\u2019han pogut celebrar les Festes. El 20 d\u2019abril la Federaci\u00f3 de Moros i Cristians d\u2019Oliva feia p\u00fablic un comunicat en el qual anunciava que es suspenien les Festes i que els c\u00e0rrecs de 2020 passaven a ser els de 2021. <\/span><\/span><\/p>\n<p style=\"text-align: left;\" align=\"JUSTIFY\"><span style=\"font-family: Montserrat;\"><span style=\"font-size: large;\">Apesarats com est\u00e0vem, necessit\u00e0vem que els dies en qu\u00e8 celebrem la trilogia festera no foren un temps absent. Si no f\u00e9iem res, el buit emocional seria insuportable. Ens les hav\u00edem d\u2019enginyar per aportar contingut. Que almenys tingu\u00e9rem una ocupaci\u00f3 que ens fera oblidar que hi havien moltes experi\u00e8ncies, an\u00e8cdotes i moments que enguany no es generarien. <\/span><\/span><\/p>\n<p style=\"text-align: left;\" align=\"JUSTIFY\"><span style=\"font-family: Montserrat;\"><span style=\"font-size: large;\">Calfant-nos el cap, de sobte, una telefonada: \u00abHola! S\u00f3c Juan Carlos Girau, de R\u00e0dio Safor FM. Volia proposar-vos una cosa: per qu\u00e8 no fem un programa de marxes mores i cristianes els dies de Festes? Aix\u00ed, si la gent est\u00e0 en casa, pot imaginar-se que est\u00e0 desfilant. Qu\u00e8 us sembla?\u00bb. Primer vam necessitar uns dies per a pensar-nos-ho, per\u00f2 a poc a poc la idea anava agarrant volum als nostres caps inquiets. Juan Carlos havia llan\u00e7at l\u2019espurna. I a partir d\u2019aquell moment, va anar agarrant for\u00e7a la fantasia de muntar un aut\u00e8ntic programa de r\u00e0dio festera. <\/span><\/span><\/p>\n<p style=\"text-align: left;\" align=\"JUSTIFY\"><span style=\"font-family: Montserrat;\"><span style=\"font-size: large;\">Els cabets treien fum. \u00abUn programa de r\u00e0dio&#8230; Per\u00f2 qu\u00e8 sabem nosaltres de fer r\u00e0dio?!\u00bb Aix\u00f2 ens pregunt\u00e0vem, i ja us diem que sab\u00edem (i sabem) un bon no res. Per\u00f2 com la il\u00b7lusi\u00f3 mou tamb\u00e9 muntanyes i entre l\u2019equip ten\u00edem a algun fidel oient de r\u00e0dio, ens vam tirar \u00abal ruedo\u00bb de manera imprudent. <\/span><\/span><\/p>\n<p style=\"text-align: left;\" align=\"JUSTIFY\"><span style=\"font-family: Montserrat;\"><span style=\"font-size: large;\">Com en tot projecte que es pree hui en dia, el pas n\u00famero 1 \u00e9s crear un grup de WhatsApp. Creat el grup, calia una foto de perfil inspiradora. Efectivament, com que \u00e9rem uns desbaratats buscant inspiraci\u00f3, de perfil vam posar al gran Jes\u00fas Quintero \u00abEl Loco de la Colina\u00bb. (I entre nosaltres, els membres del grup vam canviar el nostre nom pels dels principals locutors de r\u00e0dio: Gabilondo, Alsina, \u00c0ngels Barcel\u00f3&#8230; Per\u00f2 no digueu res a ning\u00fa, perqu\u00e8 aix\u00f2 ja \u00e9s <i>massa pa\u2019 la carabassa<\/i>. Massa <i>friki<\/i>. Guardeu el secret). Primera fase completada. No ens conform\u00e0vem en posar m\u00fasica Festera, vol\u00edem un programa complet. Nom\u00e9s calia pensar&#8230; fer una escaleta, controlar els temps, buscar col\u00b7laboradors, m\u00fasica, efectes de so, etc. Quasi res! I sobretot, molt important, no avorrir! <\/span><\/span><\/p>\n<p style=\"text-align: left;\" align=\"JUSTIFY\"><span style=\"font-family: Montserrat;\"><span style=\"font-size: large;\">La programaci\u00f3 va estar dirigida per \u00d3scar Prieto, Helena Ma\u00f1\u00f3 i Joan Mata, amb la col\u00b7laboraci\u00f3 de la resta de membres de la Federaci\u00f3 de Moros i Cristians d\u2019Oliva i la producci\u00f3 de Juan Carlos Girau i Miquel Font, de R\u00e0dio Safor FM, als que mai els estarem prou agra\u00efts per aquesta oportunitat, per obrir sa casa a la Festa. Despr\u00e9s d\u2019hores de treball, el resultat fou el que us presentem (per als que no ho vau poder escoltar en directe o voleu tornar a escoltar-ho).<\/span><\/span><\/p>\n<p style=\"text-align: left;\" align=\"JUSTIFY\">\n<\/p><p style=\"text-align: left;\" align=\"JUSTIFY\"><span style=\"font-family: Montserrat;\"><span style=\"font-size: x-large;\"><b>Dijous 16 de juliol de 2020: Preg\u00f3, Himne de Festes \u00abOliva 1990\u00bb i Arrancades d\u2019esquadra.<\/b><\/span><\/span><\/p>\n\n\n<div style=\"height:20px\" aria-hidden=\"true\" class=\"wp-block-spacer\"><\/div>\n\n\n\n<iframe id=\"audio_54634926\" frameborder=\"0\" allowfullscreen=\"\" scrolling=\"no\" height=\"200\" src=\"https:\/\/www.ivoox.com\/player_ej_54634926_4_1.html?c1=B9A06F\" style=\"border:1px solid #EEE; box-sizing:border-box; width:100%;\"><\/iframe>\n\n\n\n<div style=\"height:30px\" aria-hidden=\"true\" class=\"wp-block-spacer\"><\/div>\n\n\n<p align=\"JUSTIFY\"><span style=\"font-family: Montserrat;\"><span style=\"font-size: large;\">Aquesta jornada tenia com a objectiu despertar en el fester eixe <i>nerviet<\/i> propi del dia que comencen les festes. El dia en qu\u00e8 est\u00e0s descansat, amb olor de net i la gel\u00b7laba degudament planxada i notes l\u2019adrenalina circular per les venes. <\/span><\/span><\/p>\n<p align=\"JUSTIFY\"><span style=\"font-family: Montserrat;\"><span style=\"font-size: large;\">A les 18:30 h, hora peninsular (ja ens creurem locutors i tot!), comen\u00e7\u00e0vem amb un mon\u00f2leg d\u2019obertura per Joan Mata (el so dels mistos \u00e9s real!) (02:10). Seguidament es presenta la programaci\u00f3 dels dos dies i donem inici a les festes radiof\u00f2niques amb l\u2019entrevista d\u2019\u00d2scar Prieto a la regidora de Festes, Yolanda Navarro (15:36). <\/span><\/span><\/p>\n<p align=\"JUSTIFY\"><span style=\"font-family: Montserrat;\"><span style=\"font-size: large;\">Despr\u00e9s, entrevista a la que hauria estat la pregonera de les Festes de 2020, la periodista i comunicadora Xelo Miralles (45:16). <\/span><\/span><\/p>\n<p align=\"JUSTIFY\"><span style=\"font-family: Montserrat;\"><span style=\"font-size: large;\">En acabar l\u2019entrevista, vam simular traslladar-nos a la pla\u00e7a de l\u2019Ajuntament d\u2019Oliva per reviure el moment de \u00abl\u2019Himne Oliva 1990\u00bb i les posteriors arrancades d\u2019esquadra per mitj\u00e0 d\u2019una ficci\u00f3 sonora, escrita i locutada pels membres de la Federaci\u00f3 de Moros i Cristians d\u2019Oliva i muntada per Juan Carlos Girau (80:42). Entre la multitud que omplia la pla\u00e7a de gom a gom vam poder estendre la carxofa (el micr\u00f2fon) al director i compositor Francisco Valor (86:00), a qui agra\u00efm enormement que es prestara a col\u00b7laborar en aquesta ficci\u00f3, i a Miquel Lleches que ens va facilitar el fet de poder contactar amb ell. Abans de les arrancades, Manolo Arnal ens explica qu\u00e8 deu fer un cap d\u2019esquadra per fer una arrancada (117:13). Tamb\u00e9 hi ha un <i>cameo<\/i> especial de Diego Mestre. A vore si el trobeu (\u00absi home s\u00ed, sense patir&#8230;\u00bb).<\/span><\/span><\/p>\n<p align=\"JUSTIFY\"><span style=\"font-family: Montserrat;\"><span style=\"font-size: large;\">La r\u00e0dio \u00e9s el mitj\u00e0 m\u00e9s c\u00e0lid i el que m\u00e9s permet fer volar la imaginaci\u00f3. Nosaltres ho vam intentar. Ac\u00ed teniu el resultat del primer dia d\u2019aventura radiof\u00f2nica. \u00abAcomiadem connexi\u00f3 perqu\u00e8 ara ens n\u2019anem a Mestalla&#8230;\u00bb (Luis del Olmo ja ens portava aigua, ha!).<\/span><\/span><\/p>\n<p align=\"JUSTIFY\">\n<\/p><p style=\"text-align: left;\" align=\"JUSTIFY\"><span style=\"font-family: Montserrat;\"><span style=\"font-size: x-large;\"><b>Divendres 17 de juliol de 2020: Entrevista als c\u00e0rrecs de 2020-2021 i Tert\u00falies Festeres. <\/b><\/span><\/span><\/p>\n\n\n<div style=\"height:30px\" aria-hidden=\"true\" class=\"wp-block-spacer\"><\/div>\n\n\n\n<iframe id=\"audio_54635078\" frameborder=\"0\" allowfullscreen=\"\" scrolling=\"no\" height=\"200\" src=\"https:\/\/www.ivoox.com\/player_ej_54635078_4_1.html?c1=b9a06f\" style=\"border:1px solid #EEE; box-sizing:border-box; width:100%;\"><\/iframe>\n\n\n\n<div style=\"height:30px\" aria-hidden=\"true\" class=\"wp-block-spacer\"><\/div>\n\n\n<p style=\"text-align: left;\" align=\"JUSTIFY\"><span style=\"font-family: Montserrat;\"><span style=\"font-size: large;\">Aquest dia es proposava amb un altre to. Vol\u00edem aprofitar el par\u00e8ntesi Fester de l\u2019any de la pand\u00e8mia per reflexionar sobre la nostra Festa des dels seus distints prismes. <\/span><\/span><\/p>\n<p style=\"text-align: left;\" align=\"JUSTIFY\"><span style=\"font-family: Montserrat;\"><span style=\"font-size: large;\">Novament, a les 18:30 h (hora peninsular), connect\u00e0vem en directe des dels estudis de R\u00e0dio Safor FM, i vam comen\u00e7ar amb una entrevista a Susana i Manolo (c\u00e0rrecs Moros) i Rosanna i Cristina (c\u00e0rrecs Cristians) i Guillem, abanderat de la FMICO (03:12). Entrevista que va barrejar el sentiment de ser c\u00e0rrec en l\u2019any de la pand\u00e8mia amb divertides an\u00e8cdotes que ens van permetre con\u00e9ixer un poc m\u00e9s als m\u00e0xims representants de la Festa olivera. <\/span><\/span><\/p>\n<p style=\"text-align: left;\" align=\"JUSTIFY\"><span style=\"font-family: Montserrat;\"><span style=\"font-size: large;\">En acabar, la primera taula de debat. \u00d3scar i Joan van dirigir la Tert\u00falia intitulada: \u00abEl passat i evoluci\u00f3 de la Festa\u00bb (48:50), en la qual vam poder comptar com a tertulians amb Laia Mart\u00ednez, Sergio Ba\u00f1uls, Miquel Lleches, Manolo Arnal i Rafa Castell\u00f3. Vicent Roig va entrar telef\u00f2nicament per explicar-nos el canvi de Junta a Federaci\u00f3. Una tert\u00falia interessant i carregada de contingut. <\/span><\/span><\/p>\n<p style=\"text-align: left;\"><span style=\"font-family: Montserrat;\"><span style=\"font-size: large;\">La segona Tert\u00falia, que va dirigir Helena Ma\u00f1\u00f3, va posar el focus sobre \u00abEl paper de la dona en la Festa de Moros i Cristians d\u2019Oliva\u00bb (115:03). Les contertulianes f\u00f3ren: Laia Mart\u00ednez, Rosana Llopis, Amparo Pardo, M\u00f3nica Maur\u00ed, Maite Gregori i Amalia Malonda. Entrevistarem telef\u00f2nicament a Isabel Bolinches, primera capitana d\u2019Oliva.<\/span><\/span><\/p>\n<p style=\"text-align: left;\" align=\"JUSTIFY\"><span style=\"font-family: Montserrat;\"><span style=\"font-size: large;\">La tercera i \u00faltima tert\u00falia fou \u00abEl Futur de la Festa\u00bb (156:33). Dirigida per Joan Mata, es van reunir Nadia G\u00f3mez, David Blasco, Maria Mayol, Toni Alemany, J\u00falia Esteve, Mar Savall, Ferran Riera i Juan Porta. El sentiment fester est\u00e0 molt arrelat entre els nostres joves. <\/span><\/span><\/p>\n<p style=\"text-align: left;\" align=\"JUSTIFY\"><a name=\"_GoBack\"><\/a><span style=\"font-family: Montserrat;\"><span style=\"font-size: large;\">Ben passades les 21:30 h de la nit, es va tancar la programaci\u00f3 amb l\u2019acomiadament (194:39). Des de la Federaci\u00f3 de Moros i Cristians d\u2019Oliva demanem que ens disculpen els errors i defectes que h\u00e0gem pogut tindre. Que ens disculpen si en algun moment no vam ser capa\u00e7os de transmetre el missatge amb la claredat que el mitj\u00e0 requereix o si aquesta claredat sols la vam aconseguir en moments molt puntuals. Demanem que ens disculpen, sols vam ser uns \u00abmotivats\u00bb que, amb \u00e0nim d&#8217;entretenir, informar, divertir i suplir la car\u00e8ncia de Festes, ens vam llan\u00e7ar a la piscina sense preguntar si hi havia aigua o no. Si ens la vam pegar o no, s\u00f3n vost\u00e9s qui ho han de valorar. Nosaltres us podem assegurar que ens vam divertir, i molt. I aix\u00f2 \u00e9s l\u2019important, no? <\/span><\/span><\/p>\n<p style=\"text-align: left;\" align=\"JUSTIFY\"><span style=\"font-family: Montserrat;\"><span style=\"font-size: large;\">Moltes gr\u00e0cies, gr\u00e0cies infinites a Juan Carlos Girau, de R\u00e0dio Safor FM, per fer-nos possible aquesta aventura. I moltes gr\u00e0cies a vost\u00e9s per escoltar-nos i acompanyar-nos en l\u2019any de la pand\u00e8mia. <\/span><\/span><\/p>\n\n\n<p><\/p>","protected":false},"excerpt":{"rendered":"<p>En aquest any de la pand\u00e8mia, com vost\u00e9 sabr\u00e0 (no cal que furguem m\u00e9s en la ferida) no s\u2019han pogut celebrar les Festes. El 20 d\u2019abril la Federaci\u00f3 de Moros i Cristians d\u2019Oliva feia p\u00fablic un comunicat en el qual anunciava que es suspenien les Festes i que els c\u00e0rrecs de 2020 passaven a ser [&hellip;]<\/p>\n","protected":false},"author":1,"featured_media":10131,"comment_status":"closed","ping_status":"open","sticky":false,"template":"","format":"standard","meta":{"jetpack_post_was_ever_published":false,"_jetpack_newsletter_access":"","_jetpack_dont_email_post_to_subs":false,"_jetpack_newsletter_tier_id":0,"_jetpack_memberships_contains_paywalled_content":false,"_jetpack_memberships_contains_paid_content":false,"footnotes":"","jetpack_publicize_message":"","jetpack_publicize_feature_enabled":true,"jetpack_social_post_already_shared":true,"jetpack_social_options":{"image_generator_settings":{"template":"highway","default_image_id":0,"font":"","enabled":false},"version":2}},"categories":[2,1],"tags":[],"class_list":["post-10112","post","type-post","status-publish","format-standard","has-post-thumbnail","hentry","category-federacio","category-varis"],"yoast_head":"<!-- This site is optimized with the Yoast SEO plugin v27.5 - https:\/\/yoast.com\/product\/yoast-seo-wordpress\/ -->\n<title>Les R\u00e0dio Festes - Moros i Cristians Oliva<\/title>\n<meta name=\"robots\" content=\"index, follow, max-snippet:-1, max-image-preview:large, max-video-preview:-1\" \/>\n<link rel=\"canonical\" href=\"https:\/\/olivamorosicristians.es\/es\/les-radio-festes\/\" \/>\n<meta property=\"og:locale\" content=\"es_ES\" \/>\n<meta property=\"og:type\" content=\"article\" \/>\n<meta property=\"og:title\" content=\"Les R\u00e0dio Festes - Moros i Cristians Oliva\" \/>\n<meta property=\"og:description\" content=\"En aquest any de la pand\u00e8mia, com vost\u00e9 sabr\u00e0 (no cal que furguem m\u00e9s en la ferida) no s\u2019han pogut celebrar les Festes. El 20 d\u2019abril la Federaci\u00f3 de Moros i Cristians d\u2019Oliva feia p\u00fablic un comunicat en el qual anunciava que es suspenien les Festes i que els c\u00e0rrecs de 2020 passaven a ser [&hellip;]\" \/>\n<meta property=\"og:url\" content=\"https:\/\/olivamorosicristians.es\/es\/les-radio-festes\/\" \/>\n<meta property=\"og:site_name\" content=\"Moros i Cristians Oliva\" \/>\n<meta property=\"article:publisher\" content=\"https:\/\/www.facebook.com\/federaciodemorosicristiansdoliva\/\" \/>\n<meta property=\"article:author\" content=\"https:\/\/www.facebook.com\/federaciodemorosicristiansdoliva\" \/>\n<meta property=\"article:published_time\" content=\"2020-08-03T09:35:20+00:00\" \/>\n<meta property=\"article:modified_time\" content=\"2020-08-03T10:19:16+00:00\" \/>\n<meta property=\"og:image\" content=\"https:\/\/i1.wp.com\/olivamorosicristians.es\/wp-content\/uploads\/2020\/07\/anunci-radio-video02.jpg?fit=700%2C700&ssl=1\" \/>\n\t<meta property=\"og:image:width\" content=\"700\" \/>\n\t<meta property=\"og:image:height\" content=\"700\" \/>\n\t<meta property=\"og:image:type\" content=\"image\/jpeg\" \/>\n<meta name=\"author\" content=\"Webmaster\" \/>\n<meta name=\"twitter:card\" content=\"summary_large_image\" \/>\n<meta name=\"twitter:label1\" content=\"Escrito por\" \/>\n\t<meta name=\"twitter:data1\" content=\"Webmaster\" \/>\n\t<meta name=\"twitter:label2\" content=\"Tiempo de lectura\" \/>\n\t<meta name=\"twitter:data2\" content=\"7 minutos\" \/>\n<script type=\"application\/ld+json\" class=\"yoast-schema-graph\">{\"@context\":\"https:\\\/\\\/schema.org\",\"@graph\":[{\"@type\":\"Article\",\"@id\":\"https:\\\/\\\/olivamorosicristians.es\\\/les-radio-festes\\\/#article\",\"isPartOf\":{\"@id\":\"https:\\\/\\\/olivamorosicristians.es\\\/les-radio-festes\\\/\"},\"author\":{\"name\":\"Webmaster\",\"@id\":\"https:\\\/\\\/olivamorosicristians.es\\\/#\\\/schema\\\/person\\\/21ece052d8816103cad91a2676fd0149\"},\"headline\":\"Les R\u00e0dio Festes\",\"datePublished\":\"2020-08-03T09:35:20+00:00\",\"dateModified\":\"2020-08-03T10:19:16+00:00\",\"mainEntityOfPage\":{\"@id\":\"https:\\\/\\\/olivamorosicristians.es\\\/les-radio-festes\\\/\"},\"wordCount\":1346,\"publisher\":{\"@id\":\"https:\\\/\\\/olivamorosicristians.es\\\/#organization\"},\"image\":{\"@id\":\"https:\\\/\\\/olivamorosicristians.es\\\/les-radio-festes\\\/#primaryimage\"},\"thumbnailUrl\":\"https:\\\/\\\/i0.wp.com\\\/olivamorosicristians.es\\\/wp-content\\\/uploads\\\/2020\\\/07\\\/anunci-radio-video02.jpg?fit=700%2C700&ssl=1\",\"articleSection\":[\"Federaci\u00f3\",\"Varis\"],\"inLanguage\":\"es\"},{\"@type\":\"WebPage\",\"@id\":\"https:\\\/\\\/olivamorosicristians.es\\\/les-radio-festes\\\/\",\"url\":\"https:\\\/\\\/olivamorosicristians.es\\\/les-radio-festes\\\/\",\"name\":\"Les R\u00e0dio Festes - Moros i Cristians Oliva\",\"isPartOf\":{\"@id\":\"https:\\\/\\\/olivamorosicristians.es\\\/#website\"},\"primaryImageOfPage\":{\"@id\":\"https:\\\/\\\/olivamorosicristians.es\\\/les-radio-festes\\\/#primaryimage\"},\"image\":{\"@id\":\"https:\\\/\\\/olivamorosicristians.es\\\/les-radio-festes\\\/#primaryimage\"},\"thumbnailUrl\":\"https:\\\/\\\/i0.wp.com\\\/olivamorosicristians.es\\\/wp-content\\\/uploads\\\/2020\\\/07\\\/anunci-radio-video02.jpg?fit=700%2C700&ssl=1\",\"datePublished\":\"2020-08-03T09:35:20+00:00\",\"dateModified\":\"2020-08-03T10:19:16+00:00\",\"breadcrumb\":{\"@id\":\"https:\\\/\\\/olivamorosicristians.es\\\/les-radio-festes\\\/#breadcrumb\"},\"inLanguage\":\"es\",\"potentialAction\":[{\"@type\":\"ReadAction\",\"target\":[\"https:\\\/\\\/olivamorosicristians.es\\\/les-radio-festes\\\/\"]}]},{\"@type\":\"ImageObject\",\"inLanguage\":\"es\",\"@id\":\"https:\\\/\\\/olivamorosicristians.es\\\/les-radio-festes\\\/#primaryimage\",\"url\":\"https:\\\/\\\/i0.wp.com\\\/olivamorosicristians.es\\\/wp-content\\\/uploads\\\/2020\\\/07\\\/anunci-radio-video02.jpg?fit=700%2C700&ssl=1\",\"contentUrl\":\"https:\\\/\\\/i0.wp.com\\\/olivamorosicristians.es\\\/wp-content\\\/uploads\\\/2020\\\/07\\\/anunci-radio-video02.jpg?fit=700%2C700&ssl=1\",\"width\":700,\"height\":700},{\"@type\":\"BreadcrumbList\",\"@id\":\"https:\\\/\\\/olivamorosicristians.es\\\/les-radio-festes\\\/#breadcrumb\",\"itemListElement\":[{\"@type\":\"ListItem\",\"position\":1,\"name\":\"Portada\",\"item\":\"https:\\\/\\\/olivamorosicristians.es\\\/\"},{\"@type\":\"ListItem\",\"position\":2,\"name\":\"Les R\u00e0dio Festes\"}]},{\"@type\":\"WebSite\",\"@id\":\"https:\\\/\\\/olivamorosicristians.es\\\/#website\",\"url\":\"https:\\\/\\\/olivamorosicristians.es\\\/\",\"name\":\"Moros i Cristians Oliva\",\"description\":\"FMCO\",\"publisher\":{\"@id\":\"https:\\\/\\\/olivamorosicristians.es\\\/#organization\"},\"potentialAction\":[{\"@type\":\"SearchAction\",\"target\":{\"@type\":\"EntryPoint\",\"urlTemplate\":\"https:\\\/\\\/olivamorosicristians.es\\\/?s={search_term_string}\"},\"query-input\":{\"@type\":\"PropertyValueSpecification\",\"valueRequired\":true,\"valueName\":\"search_term_string\"}}],\"inLanguage\":\"es\"},{\"@type\":\"Organization\",\"@id\":\"https:\\\/\\\/olivamorosicristians.es\\\/#organization\",\"name\":\"Federaci\u00f3 de Moros i Cristians - Oliva\",\"url\":\"https:\\\/\\\/olivamorosicristians.es\\\/\",\"logo\":{\"@type\":\"ImageObject\",\"inLanguage\":\"es\",\"@id\":\"https:\\\/\\\/olivamorosicristians.es\\\/#\\\/schema\\\/logo\\\/image\\\/\",\"url\":\"https:\\\/\\\/i2.wp.com\\\/olivamorosicristians.es\\\/wp-content\\\/uploads\\\/2018\\\/06\\\/Icon_FMiCO.png?fit=50%2C50&ssl=1\",\"contentUrl\":\"https:\\\/\\\/i2.wp.com\\\/olivamorosicristians.es\\\/wp-content\\\/uploads\\\/2018\\\/06\\\/Icon_FMiCO.png?fit=50%2C50&ssl=1\",\"width\":50,\"height\":50,\"caption\":\"Federaci\u00f3 de Moros i Cristians - Oliva\"},\"image\":{\"@id\":\"https:\\\/\\\/olivamorosicristians.es\\\/#\\\/schema\\\/logo\\\/image\\\/\"},\"sameAs\":[\"https:\\\/\\\/www.facebook.com\\\/federaciodemorosicristiansdoliva\\\/\",\"https:\\\/\\\/www.instagram.com\\\/morosicristiansoliva\\\/?hl=es\"]},{\"@type\":\"Person\",\"@id\":\"https:\\\/\\\/olivamorosicristians.es\\\/#\\\/schema\\\/person\\\/21ece052d8816103cad91a2676fd0149\",\"name\":\"Webmaster\",\"image\":{\"@type\":\"ImageObject\",\"inLanguage\":\"es\",\"@id\":\"https:\\\/\\\/secure.gravatar.com\\\/avatar\\\/18de20f14d74abe0c800b423a8b0e24cae6153cb6baeb2c2df80e1cef2117e0d?s=96&d=mm&r=g\",\"url\":\"https:\\\/\\\/secure.gravatar.com\\\/avatar\\\/18de20f14d74abe0c800b423a8b0e24cae6153cb6baeb2c2df80e1cef2117e0d?s=96&d=mm&r=g\",\"contentUrl\":\"https:\\\/\\\/secure.gravatar.com\\\/avatar\\\/18de20f14d74abe0c800b423a8b0e24cae6153cb6baeb2c2df80e1cef2117e0d?s=96&d=mm&r=g\",\"caption\":\"Webmaster\"},\"sameAs\":[\"https:\\\/\\\/www.facebook.com\\\/federaciodemorosicristiansdoliva\",\"https:\\\/\\\/www.instagram.com\\\/morosicristiansoliva\\\/\"]}]}<\/script>\n<!-- \/ Yoast SEO plugin. -->","yoast_head_json":{"title":"Les R\u00e0dio Festes - Moros i Cristians Oliva","robots":{"index":"index","follow":"follow","max-snippet":"max-snippet:-1","max-image-preview":"max-image-preview:large","max-video-preview":"max-video-preview:-1"},"canonical":"https:\/\/olivamorosicristians.es\/es\/les-radio-festes\/","og_locale":"es_ES","og_type":"article","og_title":"Les R\u00e0dio Festes - Moros i Cristians Oliva","og_description":"En aquest any de la pand\u00e8mia, com vost\u00e9 sabr\u00e0 (no cal que furguem m\u00e9s en la ferida) no s\u2019han pogut celebrar les Festes. El 20 d\u2019abril la Federaci\u00f3 de Moros i Cristians d\u2019Oliva feia p\u00fablic un comunicat en el qual anunciava que es suspenien les Festes i que els c\u00e0rrecs de 2020 passaven a ser [&hellip;]","og_url":"https:\/\/olivamorosicristians.es\/es\/les-radio-festes\/","og_site_name":"Moros i Cristians Oliva","article_publisher":"https:\/\/www.facebook.com\/federaciodemorosicristiansdoliva\/","article_author":"https:\/\/www.facebook.com\/federaciodemorosicristiansdoliva","article_published_time":"2020-08-03T09:35:20+00:00","article_modified_time":"2020-08-03T10:19:16+00:00","og_image":[{"width":700,"height":700,"url":"https:\/\/i1.wp.com\/olivamorosicristians.es\/wp-content\/uploads\/2020\/07\/anunci-radio-video02.jpg?fit=700%2C700&ssl=1","type":"image\/jpeg"}],"author":"Webmaster","twitter_card":"summary_large_image","twitter_misc":{"Escrito por":"Webmaster","Tiempo de lectura":"7 minutos"},"schema":{"@context":"https:\/\/schema.org","@graph":[{"@type":"Article","@id":"https:\/\/olivamorosicristians.es\/les-radio-festes\/#article","isPartOf":{"@id":"https:\/\/olivamorosicristians.es\/les-radio-festes\/"},"author":{"name":"Webmaster","@id":"https:\/\/olivamorosicristians.es\/#\/schema\/person\/21ece052d8816103cad91a2676fd0149"},"headline":"Les R\u00e0dio Festes","datePublished":"2020-08-03T09:35:20+00:00","dateModified":"2020-08-03T10:19:16+00:00","mainEntityOfPage":{"@id":"https:\/\/olivamorosicristians.es\/les-radio-festes\/"},"wordCount":1346,"publisher":{"@id":"https:\/\/olivamorosicristians.es\/#organization"},"image":{"@id":"https:\/\/olivamorosicristians.es\/les-radio-festes\/#primaryimage"},"thumbnailUrl":"https:\/\/i0.wp.com\/olivamorosicristians.es\/wp-content\/uploads\/2020\/07\/anunci-radio-video02.jpg?fit=700%2C700&ssl=1","articleSection":["Federaci\u00f3","Varis"],"inLanguage":"es"},{"@type":"WebPage","@id":"https:\/\/olivamorosicristians.es\/les-radio-festes\/","url":"https:\/\/olivamorosicristians.es\/les-radio-festes\/","name":"Les R\u00e0dio Festes - Moros i Cristians Oliva","isPartOf":{"@id":"https:\/\/olivamorosicristians.es\/#website"},"primaryImageOfPage":{"@id":"https:\/\/olivamorosicristians.es\/les-radio-festes\/#primaryimage"},"image":{"@id":"https:\/\/olivamorosicristians.es\/les-radio-festes\/#primaryimage"},"thumbnailUrl":"https:\/\/i0.wp.com\/olivamorosicristians.es\/wp-content\/uploads\/2020\/07\/anunci-radio-video02.jpg?fit=700%2C700&ssl=1","datePublished":"2020-08-03T09:35:20+00:00","dateModified":"2020-08-03T10:19:16+00:00","breadcrumb":{"@id":"https:\/\/olivamorosicristians.es\/les-radio-festes\/#breadcrumb"},"inLanguage":"es","potentialAction":[{"@type":"ReadAction","target":["https:\/\/olivamorosicristians.es\/les-radio-festes\/"]}]},{"@type":"ImageObject","inLanguage":"es","@id":"https:\/\/olivamorosicristians.es\/les-radio-festes\/#primaryimage","url":"https:\/\/i0.wp.com\/olivamorosicristians.es\/wp-content\/uploads\/2020\/07\/anunci-radio-video02.jpg?fit=700%2C700&ssl=1","contentUrl":"https:\/\/i0.wp.com\/olivamorosicristians.es\/wp-content\/uploads\/2020\/07\/anunci-radio-video02.jpg?fit=700%2C700&ssl=1","width":700,"height":700},{"@type":"BreadcrumbList","@id":"https:\/\/olivamorosicristians.es\/les-radio-festes\/#breadcrumb","itemListElement":[{"@type":"ListItem","position":1,"name":"Portada","item":"https:\/\/olivamorosicristians.es\/"},{"@type":"ListItem","position":2,"name":"Les R\u00e0dio Festes"}]},{"@type":"WebSite","@id":"https:\/\/olivamorosicristians.es\/#website","url":"https:\/\/olivamorosicristians.es\/","name":"Moros i Cristians Oliva","description":"FMCO","publisher":{"@id":"https:\/\/olivamorosicristians.es\/#organization"},"potentialAction":[{"@type":"SearchAction","target":{"@type":"EntryPoint","urlTemplate":"https:\/\/olivamorosicristians.es\/?s={search_term_string}"},"query-input":{"@type":"PropertyValueSpecification","valueRequired":true,"valueName":"search_term_string"}}],"inLanguage":"es"},{"@type":"Organization","@id":"https:\/\/olivamorosicristians.es\/#organization","name":"La Federaci\u00f3n de Moros y Cristianos de Oliva","url":"https:\/\/olivamorosicristians.es\/","logo":{"@type":"ImageObject","inLanguage":"es","@id":"https:\/\/olivamorosicristians.es\/#\/schema\/logo\/image\/","url":"https:\/\/i2.wp.com\/olivamorosicristians.es\/wp-content\/uploads\/2018\/06\/Icon_FMiCO.png?fit=50%2C50&ssl=1","contentUrl":"https:\/\/i2.wp.com\/olivamorosicristians.es\/wp-content\/uploads\/2018\/06\/Icon_FMiCO.png?fit=50%2C50&ssl=1","width":50,"height":50,"caption":"Federaci\u00f3 de Moros i Cristians - Oliva"},"image":{"@id":"https:\/\/olivamorosicristians.es\/#\/schema\/logo\/image\/"},"sameAs":["https:\/\/www.facebook.com\/federaciodemorosicristiansdoliva\/","https:\/\/www.instagram.com\/morosicristiansoliva\/?hl=es"]},{"@type":"Person","@id":"https:\/\/olivamorosicristians.es\/#\/schema\/person\/21ece052d8816103cad91a2676fd0149","name":"Webmaster","image":{"@type":"ImageObject","inLanguage":"es","@id":"https:\/\/secure.gravatar.com\/avatar\/18de20f14d74abe0c800b423a8b0e24cae6153cb6baeb2c2df80e1cef2117e0d?s=96&d=mm&r=g","url":"https:\/\/secure.gravatar.com\/avatar\/18de20f14d74abe0c800b423a8b0e24cae6153cb6baeb2c2df80e1cef2117e0d?s=96&d=mm&r=g","contentUrl":"https:\/\/secure.gravatar.com\/avatar\/18de20f14d74abe0c800b423a8b0e24cae6153cb6baeb2c2df80e1cef2117e0d?s=96&d=mm&r=g","caption":"Webmaster"},"sameAs":["https:\/\/www.facebook.com\/federaciodemorosicristiansdoliva","https:\/\/www.instagram.com\/morosicristiansoliva\/"]}]}},"jetpack_publicize_connections":[],"jetpack_featured_media_url":"https:\/\/i0.wp.com\/olivamorosicristians.es\/wp-content\/uploads\/2020\/07\/anunci-radio-video02.jpg?fit=700%2C700&ssl=1","jetpack_sharing_enabled":true,"jetpack_shortlink":"https:\/\/wp.me\/pagEx6-2D6","jetpack-related-posts":[],"_links":{"self":[{"href":"https:\/\/olivamorosicristians.es\/es\/wp-json\/wp\/v2\/posts\/10112","targetHints":{"allow":["GET"]}}],"collection":[{"href":"https:\/\/olivamorosicristians.es\/es\/wp-json\/wp\/v2\/posts"}],"about":[{"href":"https:\/\/olivamorosicristians.es\/es\/wp-json\/wp\/v2\/types\/post"}],"author":[{"embeddable":true,"href":"https:\/\/olivamorosicristians.es\/es\/wp-json\/wp\/v2\/users\/1"}],"replies":[{"embeddable":true,"href":"https:\/\/olivamorosicristians.es\/es\/wp-json\/wp\/v2\/comments?post=10112"}],"version-history":[{"count":12,"href":"https:\/\/olivamorosicristians.es\/es\/wp-json\/wp\/v2\/posts\/10112\/revisions"}],"predecessor-version":[{"id":10133,"href":"https:\/\/olivamorosicristians.es\/es\/wp-json\/wp\/v2\/posts\/10112\/revisions\/10133"}],"wp:featuredmedia":[{"embeddable":true,"href":"https:\/\/olivamorosicristians.es\/es\/wp-json\/wp\/v2\/media\/10131"}],"wp:attachment":[{"href":"https:\/\/olivamorosicristians.es\/es\/wp-json\/wp\/v2\/media?parent=10112"}],"wp:term":[{"taxonomy":"category","embeddable":true,"href":"https:\/\/olivamorosicristians.es\/es\/wp-json\/wp\/v2\/categories?post=10112"},{"taxonomy":"post_tag","embeddable":true,"href":"https:\/\/olivamorosicristians.es\/es\/wp-json\/wp\/v2\/tags?post=10112"}],"curies":[{"name":"wp","href":"https:\/\/api.w.org\/{rel}","templated":true}]}}