{"id":10061,"date":"2020-07-12T18:00:00","date_gmt":"2020-07-12T16:00:00","guid":{"rendered":"https:\/\/olivamorosicristians.es\/?p=10061"},"modified":"2020-07-12T19:34:49","modified_gmt":"2020-07-12T17:34:49","slug":"estrenem-nou-canal-de-youtube","status":"publish","type":"post","link":"https:\/\/olivamorosicristians.es\/es\/estrenem-nou-canal-de-youtube\/","title":{"rendered":"Estrenem nou canal de YouTube"},"content":{"rendered":"<p><span style=\"font-family: Montserrat;\"><span style=\"font-size: large;\">Tots sabem que la m\u00fasica \u00e9s una part essencial de la nostra Festa.<\/span><\/span><\/p>\n<p><span style=\"font-family: Montserrat;\"><span style=\"font-size: large;\">Gaudim d\u2019escoltar qualsevol pasdoble, marxa mora o cristina i ens \u00e9s dif\u00edcil explicar les emocions que ens desperten eixes notes festeres.<\/span><\/span><\/p>\n<p><span style=\"font-family: Montserrat;\"><span style=\"font-size: large;\">Per\u00f2 si a m\u00e9s a m\u00e9s eixes notes estan vinculades a una filada, persona o fet de la nostra ciutat m\u00e9s si cap.<\/span><\/span><\/p>\n<p><span style=\"font-family: Montserrat;\"><span style=\"font-size: large;\">En els \u00faltims anys la festa de Moros i Cristians d\u2019Oliva ha crescut exponencialment en enc\u00e0rrecs de peces de m\u00fasica festera per a les seues capitanies, esdeveniments especials, etc. Tant \u00e9s aix\u00ed que a la nostra ciutat ja comptem amb <b>3 CD enregistrats amb peces pr\u00f2pies<\/b>:<\/span><\/span><\/p>\n<p style=\"text-align: center;\"><span style=\"font-family: Montserrat;\"><span style=\"font-size: large;\">&#8211; En 2006, 31 anys de festa \u2013 M\u00fasica de Moros i Cristians Oliva<\/span><\/span><\/p>\n<p><span style=\"font-family: Montserrat;\"><span style=\"font-size: large;\"><img data-recalc-dims=\"1\" loading=\"lazy\" decoding=\"async\" data-attachment-id=\"10064\" data-permalink=\"https:\/\/olivamorosicristians.es\/es\/estrenem-nou-canal-de-youtube\/portada_31anysdefesta\/\" data-orig-file=\"https:\/\/i0.wp.com\/olivamorosicristians.es\/wp-content\/uploads\/2020\/07\/Portada_31anysdefesta.jpg?fit=1464%2C1512&amp;ssl=1\" data-orig-size=\"1464,1512\" data-comments-opened=\"0\" data-image-meta=\"{&quot;aperture&quot;:&quot;0&quot;,&quot;credit&quot;:&quot;&quot;,&quot;camera&quot;:&quot;&quot;,&quot;caption&quot;:&quot;&quot;,&quot;created_timestamp&quot;:&quot;0&quot;,&quot;copyright&quot;:&quot;&quot;,&quot;focal_length&quot;:&quot;0&quot;,&quot;iso&quot;:&quot;0&quot;,&quot;shutter_speed&quot;:&quot;0&quot;,&quot;title&quot;:&quot;&quot;,&quot;orientation&quot;:&quot;1&quot;}\" data-image-title=\"Portada_31anysdefesta\" data-image-description=\"\" data-image-caption=\"\" data-large-file=\"https:\/\/i0.wp.com\/olivamorosicristians.es\/wp-content\/uploads\/2020\/07\/Portada_31anysdefesta.jpg?fit=991%2C1024&amp;ssl=1\" class=\"aligncenter wp-image-10064 size-medium\" src=\"https:\/\/i0.wp.com\/olivamorosicristians.es\/wp-content\/uploads\/2020\/07\/Portada_31anysdefesta.jpg?resize=290%2C300&#038;ssl=1\" alt=\"31anysdefesta\" width=\"290\" height=\"300\" srcset=\"https:\/\/i0.wp.com\/olivamorosicristians.es\/wp-content\/uploads\/2020\/07\/Portada_31anysdefesta.jpg?resize=290%2C300&amp;ssl=1 290w, https:\/\/i0.wp.com\/olivamorosicristians.es\/wp-content\/uploads\/2020\/07\/Portada_31anysdefesta.jpg?resize=991%2C1024&amp;ssl=1 991w, https:\/\/i0.wp.com\/olivamorosicristians.es\/wp-content\/uploads\/2020\/07\/Portada_31anysdefesta.jpg?resize=768%2C793&amp;ssl=1 768w, https:\/\/i0.wp.com\/olivamorosicristians.es\/wp-content\/uploads\/2020\/07\/Portada_31anysdefesta.jpg?resize=640%2C661&amp;ssl=1 640w, https:\/\/i0.wp.com\/olivamorosicristians.es\/wp-content\/uploads\/2020\/07\/Portada_31anysdefesta.jpg?resize=1280%2C1322&amp;ssl=1 1280w, https:\/\/i0.wp.com\/olivamorosicristians.es\/wp-content\/uploads\/2020\/07\/Portada_31anysdefesta.jpg?w=1464&amp;ssl=1 1464w\" sizes=\"auto, (max-width: 290px) 100vw, 290px\" \/><\/span><\/span><\/p>\n<p style=\"text-align: center;\"><span style=\"font-family: Montserrat;\"><span style=\"font-size: large;\">&#8211; En 2009, Anem de Festa<\/span><\/span><\/p>\n<p><span style=\"font-family: Montserrat;\"><span style=\"font-size: large;\"><img data-recalc-dims=\"1\" loading=\"lazy\" decoding=\"async\" data-attachment-id=\"10065\" data-permalink=\"https:\/\/olivamorosicristians.es\/es\/estrenem-nou-canal-de-youtube\/llibret12_1\/\" data-orig-file=\"https:\/\/i0.wp.com\/olivamorosicristians.es\/wp-content\/uploads\/2020\/07\/Portada_Anem-de-Festa.jpg?fit=467%2C468&amp;ssl=1\" data-orig-size=\"467,468\" data-comments-opened=\"0\" data-image-meta=\"{&quot;aperture&quot;:&quot;0&quot;,&quot;credit&quot;:&quot;&quot;,&quot;camera&quot;:&quot;&quot;,&quot;caption&quot;:&quot;&quot;,&quot;created_timestamp&quot;:&quot;0&quot;,&quot;copyright&quot;:&quot;&quot;,&quot;focal_length&quot;:&quot;0&quot;,&quot;iso&quot;:&quot;0&quot;,&quot;shutter_speed&quot;:&quot;0&quot;,&quot;title&quot;:&quot;Llibret12_1&quot;,&quot;orientation&quot;:&quot;1&quot;}\" data-image-title=\"Anem de Festa 1\" data-image-description=\"\" data-image-caption=\"\" data-large-file=\"https:\/\/i0.wp.com\/olivamorosicristians.es\/wp-content\/uploads\/2020\/07\/Portada_Anem-de-Festa.jpg?fit=467%2C468&amp;ssl=1\" class=\"aligncenter wp-image-10065 size-medium\" src=\"https:\/\/i0.wp.com\/olivamorosicristians.es\/wp-content\/uploads\/2020\/07\/Portada_Anem-de-Festa.jpg?resize=300%2C300&#038;ssl=1\" alt=\"Anem de Festa 1\" width=\"300\" height=\"300\" srcset=\"https:\/\/i0.wp.com\/olivamorosicristians.es\/wp-content\/uploads\/2020\/07\/Portada_Anem-de-Festa.jpg?resize=300%2C300&amp;ssl=1 300w, https:\/\/i0.wp.com\/olivamorosicristians.es\/wp-content\/uploads\/2020\/07\/Portada_Anem-de-Festa.jpg?resize=150%2C150&amp;ssl=1 150w, https:\/\/i0.wp.com\/olivamorosicristians.es\/wp-content\/uploads\/2020\/07\/Portada_Anem-de-Festa.jpg?resize=340%2C340&amp;ssl=1 340w, https:\/\/i0.wp.com\/olivamorosicristians.es\/wp-content\/uploads\/2020\/07\/Portada_Anem-de-Festa.jpg?w=467&amp;ssl=1 467w\" sizes=\"auto, (max-width: 300px) 100vw, 300px\" \/><\/span><\/span><\/p>\n<p style=\"text-align: center;\"><span style=\"font-family: Montserrat;\"><span style=\"font-size: large;\">&#8211; I per \u00faltim en 2018, Anem de Festa II<\/span><\/span><\/p>\n<p><img data-recalc-dims=\"1\" loading=\"lazy\" decoding=\"async\" data-attachment-id=\"10066\" data-permalink=\"https:\/\/olivamorosicristians.es\/es\/estrenem-nou-canal-de-youtube\/portada_anemdefestaii\/\" data-orig-file=\"https:\/\/i0.wp.com\/olivamorosicristians.es\/wp-content\/uploads\/2020\/07\/Portada_AnemdeFestaII.jpg?fit=1488%2C1488&amp;ssl=1\" data-orig-size=\"1488,1488\" data-comments-opened=\"0\" data-image-meta=\"{&quot;aperture&quot;:&quot;0&quot;,&quot;credit&quot;:&quot;&quot;,&quot;camera&quot;:&quot;&quot;,&quot;caption&quot;:&quot;&quot;,&quot;created_timestamp&quot;:&quot;0&quot;,&quot;copyright&quot;:&quot;&quot;,&quot;focal_length&quot;:&quot;0&quot;,&quot;iso&quot;:&quot;0&quot;,&quot;shutter_speed&quot;:&quot;0&quot;,&quot;title&quot;:&quot;&quot;,&quot;orientation&quot;:&quot;1&quot;}\" data-image-title=\"Anem de Festa 2\" data-image-description=\"\" data-image-caption=\"\" data-large-file=\"https:\/\/i0.wp.com\/olivamorosicristians.es\/wp-content\/uploads\/2020\/07\/Portada_AnemdeFestaII.jpg?fit=1024%2C1024&amp;ssl=1\" class=\"aligncenter wp-image-10066 size-medium\" src=\"https:\/\/i0.wp.com\/olivamorosicristians.es\/wp-content\/uploads\/2020\/07\/Portada_AnemdeFestaII.jpg?resize=300%2C300&#038;ssl=1\" alt=\"Anem de Festa 2\" width=\"300\" height=\"300\" srcset=\"https:\/\/i0.wp.com\/olivamorosicristians.es\/wp-content\/uploads\/2020\/07\/Portada_AnemdeFestaII.jpg?resize=300%2C300&amp;ssl=1 300w, https:\/\/i0.wp.com\/olivamorosicristians.es\/wp-content\/uploads\/2020\/07\/Portada_AnemdeFestaII.jpg?resize=1024%2C1024&amp;ssl=1 1024w, https:\/\/i0.wp.com\/olivamorosicristians.es\/wp-content\/uploads\/2020\/07\/Portada_AnemdeFestaII.jpg?resize=150%2C150&amp;ssl=1 150w, https:\/\/i0.wp.com\/olivamorosicristians.es\/wp-content\/uploads\/2020\/07\/Portada_AnemdeFestaII.jpg?resize=768%2C768&amp;ssl=1 768w, https:\/\/i0.wp.com\/olivamorosicristians.es\/wp-content\/uploads\/2020\/07\/Portada_AnemdeFestaII.jpg?resize=340%2C340&amp;ssl=1 340w, https:\/\/i0.wp.com\/olivamorosicristians.es\/wp-content\/uploads\/2020\/07\/Portada_AnemdeFestaII.jpg?resize=640%2C640&amp;ssl=1 640w, https:\/\/i0.wp.com\/olivamorosicristians.es\/wp-content\/uploads\/2020\/07\/Portada_AnemdeFestaII.jpg?resize=960%2C960&amp;ssl=1 960w, https:\/\/i0.wp.com\/olivamorosicristians.es\/wp-content\/uploads\/2020\/07\/Portada_AnemdeFestaII.jpg?resize=1280%2C1280&amp;ssl=1 1280w, https:\/\/i0.wp.com\/olivamorosicristians.es\/wp-content\/uploads\/2020\/07\/Portada_AnemdeFestaII.jpg?w=1488&amp;ssl=1 1488w\" sizes=\"auto, (max-width: 300px) 100vw, 300px\" \/><\/p>\n<p><span style=\"font-family: Montserrat;\"><span style=\"font-size: large;\">El m\u00e9s inspirador \u00e9s que ja contem a molt\u00edssimes peces m\u00e9s <b>per poder seguir enregistrant discs compactes<\/b>, aix\u00f2 sols \u00e9s senyal que Oliva i els seus festers i festeres estimen la m\u00fasica.<\/span><\/span><\/p>\n<p><span style=\"font-family: Montserrat;\"><span style=\"font-size: large;\">I amb tota aquesta situaci\u00f3 que ens ha tocat viure on la tecnologia i les ferramentes digitals ens han perm\u00e9s apropar-nos a la gent des de la Federaci\u00f3 vam pensar, i per qu\u00e8 no apropar a tot el m\u00f3n la nostra m\u00fasica? Compartir-la i que estiga a l\u2019abast de tothom?<\/span><\/span><\/p>\n<p><span style=\"font-family: Montserrat;\"><span style=\"font-size: large;\">I aix\u00ed va n\u00e0ixer la idea de crear un <a href=\"https:\/\/www.youtube.com\/channel\/UCGB0MK2cYKIjV25DteXoqog\" target=\"_blank\" rel=\"noopener noreferrer\"><u><b>canal de Youtube<\/b><\/u><\/a> per poder compartir les peces enregistrades de la nostra m\u00fasica festera. Un canal que en el futur ens servir\u00e0 tamb\u00e9 per a compartir aquell material audiovisual que puguem anar creant de les nostres festes.<\/span><\/span><\/p>\n<p><span style=\"font-family: Montserrat;\"><span style=\"font-size: large;\">I per poder reunir tot el material relacionat amb els Moros i Cristians d\u2019Oliva, tamb\u00e9 hem creat un nou apartat a la web: <a href=\"https:\/\/olivamorosicristians.es\/es\/la-nostra-musica\/\" target=\"_blank\" rel=\"noopener noreferrer\"><u><b>la <\/b><\/u><u><b>nostra m\u00fasica<\/b><\/u>. <\/a><\/span><\/span><\/p>\n<p><a name=\"_GoBack\"><\/a><span style=\"font-family: Montserrat;\"><span style=\"font-size: large;\">La trobareu dins de Mediateca, vos convidem a donar una ullada perqu\u00e8 trobareu els enlla\u00e7os a les peces aix\u00ed com una introducci\u00f3 sobre m\u00fasica festera. Un amic i fester ens ha deixat escrita all\u00ed una an\u00e8cdota del gran <b>Amando Blanquer<\/b> que no us podeu perdre, no hi ha millor manera de definir la m\u00fasica festera.<\/span><\/span><\/p>\n<p><span style=\"font-family: Montserrat;\"><span style=\"font-size: large;\">Esperem que gaudiu al comp\u00e0s de les vostres peces preferides, i que a Oliva no deixe mai de sonar la m\u00fasica festera!<\/span><\/span><\/p>","protected":false},"excerpt":{"rendered":"<p>Tots sabem que la m\u00fasica \u00e9s una part essencial de la nostra Festa. Gaudim d\u2019escoltar qualsevol pasdoble, marxa mora o cristina i ens \u00e9s dif\u00edcil explicar les emocions que ens desperten eixes notes festeres. Per\u00f2 si a m\u00e9s a m\u00e9s eixes notes estan vinculades a una filada, persona o fet de la nostra ciutat m\u00e9s [&hellip;]<\/p>\n","protected":false},"author":1,"featured_media":10063,"comment_status":"closed","ping_status":"open","sticky":false,"template":"","format":"standard","meta":{"jetpack_post_was_ever_published":false,"_jetpack_newsletter_access":"","_jetpack_dont_email_post_to_subs":false,"_jetpack_newsletter_tier_id":0,"_jetpack_memberships_contains_paywalled_content":false,"_jetpack_memberships_contains_paid_content":false,"footnotes":"","jetpack_publicize_message":"","jetpack_publicize_feature_enabled":true,"jetpack_social_post_already_shared":true,"jetpack_social_options":{"image_generator_settings":{"template":"highway","default_image_id":0,"font":"","enabled":false},"version":2}},"categories":[7],"tags":[],"class_list":["post-10061","post","type-post","status-publish","format-standard","has-post-thumbnail","hentry","category-musica"],"yoast_head":"<!-- This site is optimized with the Yoast SEO plugin v27.5 - https:\/\/yoast.com\/product\/yoast-seo-wordpress\/ -->\n<title>Estrenem nou canal de YouTube - Moros i Cristians Oliva<\/title>\n<meta name=\"robots\" content=\"index, follow, max-snippet:-1, max-image-preview:large, max-video-preview:-1\" \/>\n<link rel=\"canonical\" href=\"https:\/\/olivamorosicristians.es\/es\/estrenem-nou-canal-de-youtube\/\" \/>\n<meta property=\"og:locale\" content=\"es_ES\" \/>\n<meta property=\"og:type\" content=\"article\" \/>\n<meta property=\"og:title\" content=\"Estrenem nou canal de YouTube - Moros i Cristians Oliva\" \/>\n<meta property=\"og:description\" content=\"Tots sabem que la m\u00fasica \u00e9s una part essencial de la nostra Festa. Gaudim d\u2019escoltar qualsevol pasdoble, marxa mora o cristina i ens \u00e9s dif\u00edcil explicar les emocions que ens desperten eixes notes festeres. Per\u00f2 si a m\u00e9s a m\u00e9s eixes notes estan vinculades a una filada, persona o fet de la nostra ciutat m\u00e9s [&hellip;]\" \/>\n<meta property=\"og:url\" content=\"https:\/\/olivamorosicristians.es\/es\/estrenem-nou-canal-de-youtube\/\" \/>\n<meta property=\"og:site_name\" content=\"Moros i Cristians Oliva\" \/>\n<meta property=\"article:publisher\" content=\"https:\/\/www.facebook.com\/federaciodemorosicristiansdoliva\/\" \/>\n<meta property=\"article:author\" content=\"https:\/\/www.facebook.com\/federaciodemorosicristiansdoliva\" \/>\n<meta property=\"article:published_time\" content=\"2020-07-12T16:00:00+00:00\" \/>\n<meta property=\"article:modified_time\" content=\"2020-07-12T17:34:49+00:00\" \/>\n<meta property=\"og:image\" content=\"https:\/\/i2.wp.com\/olivamorosicristians.es\/wp-content\/uploads\/2020\/07\/Youtube-e1594554142641.png?fit=1327%2C680&ssl=1\" \/>\n\t<meta property=\"og:image:width\" content=\"1327\" \/>\n\t<meta property=\"og:image:height\" content=\"680\" \/>\n\t<meta property=\"og:image:type\" content=\"image\/png\" \/>\n<meta name=\"author\" content=\"Webmaster\" \/>\n<meta name=\"twitter:card\" content=\"summary_large_image\" \/>\n<meta name=\"twitter:label1\" content=\"Escrito por\" \/>\n\t<meta name=\"twitter:data1\" content=\"Webmaster\" \/>\n\t<meta name=\"twitter:label2\" content=\"Tiempo de lectura\" \/>\n\t<meta name=\"twitter:data2\" content=\"2 minutos\" \/>\n<script type=\"application\/ld+json\" class=\"yoast-schema-graph\">{\"@context\":\"https:\\\/\\\/schema.org\",\"@graph\":[{\"@type\":\"Article\",\"@id\":\"https:\\\/\\\/olivamorosicristians.es\\\/estrenem-nou-canal-de-youtube\\\/#article\",\"isPartOf\":{\"@id\":\"https:\\\/\\\/olivamorosicristians.es\\\/estrenem-nou-canal-de-youtube\\\/\"},\"author\":{\"name\":\"Webmaster\",\"@id\":\"https:\\\/\\\/olivamorosicristians.es\\\/#\\\/schema\\\/person\\\/21ece052d8816103cad91a2676fd0149\"},\"headline\":\"Estrenem nou canal de YouTube\",\"datePublished\":\"2020-07-12T16:00:00+00:00\",\"dateModified\":\"2020-07-12T17:34:49+00:00\",\"mainEntityOfPage\":{\"@id\":\"https:\\\/\\\/olivamorosicristians.es\\\/estrenem-nou-canal-de-youtube\\\/\"},\"wordCount\":392,\"publisher\":{\"@id\":\"https:\\\/\\\/olivamorosicristians.es\\\/#organization\"},\"image\":{\"@id\":\"https:\\\/\\\/olivamorosicristians.es\\\/estrenem-nou-canal-de-youtube\\\/#primaryimage\"},\"thumbnailUrl\":\"https:\\\/\\\/i0.wp.com\\\/olivamorosicristians.es\\\/wp-content\\\/uploads\\\/2020\\\/07\\\/Youtube-e1594554142641.png?fit=1327%2C680&ssl=1\",\"articleSection\":[\"M\u00fasica\"],\"inLanguage\":\"es\"},{\"@type\":\"WebPage\",\"@id\":\"https:\\\/\\\/olivamorosicristians.es\\\/estrenem-nou-canal-de-youtube\\\/\",\"url\":\"https:\\\/\\\/olivamorosicristians.es\\\/estrenem-nou-canal-de-youtube\\\/\",\"name\":\"Estrenem nou canal de YouTube - Moros i Cristians Oliva\",\"isPartOf\":{\"@id\":\"https:\\\/\\\/olivamorosicristians.es\\\/#website\"},\"primaryImageOfPage\":{\"@id\":\"https:\\\/\\\/olivamorosicristians.es\\\/estrenem-nou-canal-de-youtube\\\/#primaryimage\"},\"image\":{\"@id\":\"https:\\\/\\\/olivamorosicristians.es\\\/estrenem-nou-canal-de-youtube\\\/#primaryimage\"},\"thumbnailUrl\":\"https:\\\/\\\/i0.wp.com\\\/olivamorosicristians.es\\\/wp-content\\\/uploads\\\/2020\\\/07\\\/Youtube-e1594554142641.png?fit=1327%2C680&ssl=1\",\"datePublished\":\"2020-07-12T16:00:00+00:00\",\"dateModified\":\"2020-07-12T17:34:49+00:00\",\"breadcrumb\":{\"@id\":\"https:\\\/\\\/olivamorosicristians.es\\\/estrenem-nou-canal-de-youtube\\\/#breadcrumb\"},\"inLanguage\":\"es\",\"potentialAction\":[{\"@type\":\"ReadAction\",\"target\":[\"https:\\\/\\\/olivamorosicristians.es\\\/estrenem-nou-canal-de-youtube\\\/\"]}]},{\"@type\":\"ImageObject\",\"inLanguage\":\"es\",\"@id\":\"https:\\\/\\\/olivamorosicristians.es\\\/estrenem-nou-canal-de-youtube\\\/#primaryimage\",\"url\":\"https:\\\/\\\/i0.wp.com\\\/olivamorosicristians.es\\\/wp-content\\\/uploads\\\/2020\\\/07\\\/Youtube-e1594554142641.png?fit=1327%2C680&ssl=1\",\"contentUrl\":\"https:\\\/\\\/i0.wp.com\\\/olivamorosicristians.es\\\/wp-content\\\/uploads\\\/2020\\\/07\\\/Youtube-e1594554142641.png?fit=1327%2C680&ssl=1\",\"width\":1327,\"height\":680,\"caption\":\"YouYube foto\"},{\"@type\":\"BreadcrumbList\",\"@id\":\"https:\\\/\\\/olivamorosicristians.es\\\/estrenem-nou-canal-de-youtube\\\/#breadcrumb\",\"itemListElement\":[{\"@type\":\"ListItem\",\"position\":1,\"name\":\"Portada\",\"item\":\"https:\\\/\\\/olivamorosicristians.es\\\/\"},{\"@type\":\"ListItem\",\"position\":2,\"name\":\"Estrenem nou canal de YouTube\"}]},{\"@type\":\"WebSite\",\"@id\":\"https:\\\/\\\/olivamorosicristians.es\\\/#website\",\"url\":\"https:\\\/\\\/olivamorosicristians.es\\\/\",\"name\":\"Moros i Cristians Oliva\",\"description\":\"FMCO\",\"publisher\":{\"@id\":\"https:\\\/\\\/olivamorosicristians.es\\\/#organization\"},\"potentialAction\":[{\"@type\":\"SearchAction\",\"target\":{\"@type\":\"EntryPoint\",\"urlTemplate\":\"https:\\\/\\\/olivamorosicristians.es\\\/?s={search_term_string}\"},\"query-input\":{\"@type\":\"PropertyValueSpecification\",\"valueRequired\":true,\"valueName\":\"search_term_string\"}}],\"inLanguage\":\"es\"},{\"@type\":\"Organization\",\"@id\":\"https:\\\/\\\/olivamorosicristians.es\\\/#organization\",\"name\":\"Federaci\u00f3 de Moros i Cristians - Oliva\",\"url\":\"https:\\\/\\\/olivamorosicristians.es\\\/\",\"logo\":{\"@type\":\"ImageObject\",\"inLanguage\":\"es\",\"@id\":\"https:\\\/\\\/olivamorosicristians.es\\\/#\\\/schema\\\/logo\\\/image\\\/\",\"url\":\"https:\\\/\\\/i2.wp.com\\\/olivamorosicristians.es\\\/wp-content\\\/uploads\\\/2018\\\/06\\\/Icon_FMiCO.png?fit=50%2C50&ssl=1\",\"contentUrl\":\"https:\\\/\\\/i2.wp.com\\\/olivamorosicristians.es\\\/wp-content\\\/uploads\\\/2018\\\/06\\\/Icon_FMiCO.png?fit=50%2C50&ssl=1\",\"width\":50,\"height\":50,\"caption\":\"Federaci\u00f3 de Moros i Cristians - Oliva\"},\"image\":{\"@id\":\"https:\\\/\\\/olivamorosicristians.es\\\/#\\\/schema\\\/logo\\\/image\\\/\"},\"sameAs\":[\"https:\\\/\\\/www.facebook.com\\\/federaciodemorosicristiansdoliva\\\/\",\"https:\\\/\\\/www.instagram.com\\\/morosicristiansoliva\\\/?hl=es\"]},{\"@type\":\"Person\",\"@id\":\"https:\\\/\\\/olivamorosicristians.es\\\/#\\\/schema\\\/person\\\/21ece052d8816103cad91a2676fd0149\",\"name\":\"Webmaster\",\"image\":{\"@type\":\"ImageObject\",\"inLanguage\":\"es\",\"@id\":\"https:\\\/\\\/secure.gravatar.com\\\/avatar\\\/18de20f14d74abe0c800b423a8b0e24cae6153cb6baeb2c2df80e1cef2117e0d?s=96&d=mm&r=g\",\"url\":\"https:\\\/\\\/secure.gravatar.com\\\/avatar\\\/18de20f14d74abe0c800b423a8b0e24cae6153cb6baeb2c2df80e1cef2117e0d?s=96&d=mm&r=g\",\"contentUrl\":\"https:\\\/\\\/secure.gravatar.com\\\/avatar\\\/18de20f14d74abe0c800b423a8b0e24cae6153cb6baeb2c2df80e1cef2117e0d?s=96&d=mm&r=g\",\"caption\":\"Webmaster\"},\"sameAs\":[\"https:\\\/\\\/www.facebook.com\\\/federaciodemorosicristiansdoliva\",\"https:\\\/\\\/www.instagram.com\\\/morosicristiansoliva\\\/\"]}]}<\/script>\n<!-- \/ Yoast SEO plugin. -->","yoast_head_json":{"title":"Estrenem nou canal de YouTube - Moros i Cristians Oliva","robots":{"index":"index","follow":"follow","max-snippet":"max-snippet:-1","max-image-preview":"max-image-preview:large","max-video-preview":"max-video-preview:-1"},"canonical":"https:\/\/olivamorosicristians.es\/es\/estrenem-nou-canal-de-youtube\/","og_locale":"es_ES","og_type":"article","og_title":"Estrenem nou canal de YouTube - Moros i Cristians Oliva","og_description":"Tots sabem que la m\u00fasica \u00e9s una part essencial de la nostra Festa. Gaudim d\u2019escoltar qualsevol pasdoble, marxa mora o cristina i ens \u00e9s dif\u00edcil explicar les emocions que ens desperten eixes notes festeres. Per\u00f2 si a m\u00e9s a m\u00e9s eixes notes estan vinculades a una filada, persona o fet de la nostra ciutat m\u00e9s [&hellip;]","og_url":"https:\/\/olivamorosicristians.es\/es\/estrenem-nou-canal-de-youtube\/","og_site_name":"Moros i Cristians Oliva","article_publisher":"https:\/\/www.facebook.com\/federaciodemorosicristiansdoliva\/","article_author":"https:\/\/www.facebook.com\/federaciodemorosicristiansdoliva","article_published_time":"2020-07-12T16:00:00+00:00","article_modified_time":"2020-07-12T17:34:49+00:00","og_image":[{"width":1327,"height":680,"url":"https:\/\/i2.wp.com\/olivamorosicristians.es\/wp-content\/uploads\/2020\/07\/Youtube-e1594554142641.png?fit=1327%2C680&ssl=1","type":"image\/png"}],"author":"Webmaster","twitter_card":"summary_large_image","twitter_misc":{"Escrito por":"Webmaster","Tiempo de lectura":"2 minutos"},"schema":{"@context":"https:\/\/schema.org","@graph":[{"@type":"Article","@id":"https:\/\/olivamorosicristians.es\/estrenem-nou-canal-de-youtube\/#article","isPartOf":{"@id":"https:\/\/olivamorosicristians.es\/estrenem-nou-canal-de-youtube\/"},"author":{"name":"Webmaster","@id":"https:\/\/olivamorosicristians.es\/#\/schema\/person\/21ece052d8816103cad91a2676fd0149"},"headline":"Estrenem nou canal de YouTube","datePublished":"2020-07-12T16:00:00+00:00","dateModified":"2020-07-12T17:34:49+00:00","mainEntityOfPage":{"@id":"https:\/\/olivamorosicristians.es\/estrenem-nou-canal-de-youtube\/"},"wordCount":392,"publisher":{"@id":"https:\/\/olivamorosicristians.es\/#organization"},"image":{"@id":"https:\/\/olivamorosicristians.es\/estrenem-nou-canal-de-youtube\/#primaryimage"},"thumbnailUrl":"https:\/\/i0.wp.com\/olivamorosicristians.es\/wp-content\/uploads\/2020\/07\/Youtube-e1594554142641.png?fit=1327%2C680&ssl=1","articleSection":["M\u00fasica"],"inLanguage":"es"},{"@type":"WebPage","@id":"https:\/\/olivamorosicristians.es\/estrenem-nou-canal-de-youtube\/","url":"https:\/\/olivamorosicristians.es\/estrenem-nou-canal-de-youtube\/","name":"Estrenem nou canal de YouTube - Moros i Cristians Oliva","isPartOf":{"@id":"https:\/\/olivamorosicristians.es\/#website"},"primaryImageOfPage":{"@id":"https:\/\/olivamorosicristians.es\/estrenem-nou-canal-de-youtube\/#primaryimage"},"image":{"@id":"https:\/\/olivamorosicristians.es\/estrenem-nou-canal-de-youtube\/#primaryimage"},"thumbnailUrl":"https:\/\/i0.wp.com\/olivamorosicristians.es\/wp-content\/uploads\/2020\/07\/Youtube-e1594554142641.png?fit=1327%2C680&ssl=1","datePublished":"2020-07-12T16:00:00+00:00","dateModified":"2020-07-12T17:34:49+00:00","breadcrumb":{"@id":"https:\/\/olivamorosicristians.es\/estrenem-nou-canal-de-youtube\/#breadcrumb"},"inLanguage":"es","potentialAction":[{"@type":"ReadAction","target":["https:\/\/olivamorosicristians.es\/estrenem-nou-canal-de-youtube\/"]}]},{"@type":"ImageObject","inLanguage":"es","@id":"https:\/\/olivamorosicristians.es\/estrenem-nou-canal-de-youtube\/#primaryimage","url":"https:\/\/i0.wp.com\/olivamorosicristians.es\/wp-content\/uploads\/2020\/07\/Youtube-e1594554142641.png?fit=1327%2C680&ssl=1","contentUrl":"https:\/\/i0.wp.com\/olivamorosicristians.es\/wp-content\/uploads\/2020\/07\/Youtube-e1594554142641.png?fit=1327%2C680&ssl=1","width":1327,"height":680,"caption":"YouYube foto"},{"@type":"BreadcrumbList","@id":"https:\/\/olivamorosicristians.es\/estrenem-nou-canal-de-youtube\/#breadcrumb","itemListElement":[{"@type":"ListItem","position":1,"name":"Portada","item":"https:\/\/olivamorosicristians.es\/"},{"@type":"ListItem","position":2,"name":"Estrenem nou canal de YouTube"}]},{"@type":"WebSite","@id":"https:\/\/olivamorosicristians.es\/#website","url":"https:\/\/olivamorosicristians.es\/","name":"Moros i Cristians Oliva","description":"FMCO","publisher":{"@id":"https:\/\/olivamorosicristians.es\/#organization"},"potentialAction":[{"@type":"SearchAction","target":{"@type":"EntryPoint","urlTemplate":"https:\/\/olivamorosicristians.es\/?s={search_term_string}"},"query-input":{"@type":"PropertyValueSpecification","valueRequired":true,"valueName":"search_term_string"}}],"inLanguage":"es"},{"@type":"Organization","@id":"https:\/\/olivamorosicristians.es\/#organization","name":"La Federaci\u00f3n de Moros y Cristianos de Oliva","url":"https:\/\/olivamorosicristians.es\/","logo":{"@type":"ImageObject","inLanguage":"es","@id":"https:\/\/olivamorosicristians.es\/#\/schema\/logo\/image\/","url":"https:\/\/i2.wp.com\/olivamorosicristians.es\/wp-content\/uploads\/2018\/06\/Icon_FMiCO.png?fit=50%2C50&ssl=1","contentUrl":"https:\/\/i2.wp.com\/olivamorosicristians.es\/wp-content\/uploads\/2018\/06\/Icon_FMiCO.png?fit=50%2C50&ssl=1","width":50,"height":50,"caption":"Federaci\u00f3 de Moros i Cristians - Oliva"},"image":{"@id":"https:\/\/olivamorosicristians.es\/#\/schema\/logo\/image\/"},"sameAs":["https:\/\/www.facebook.com\/federaciodemorosicristiansdoliva\/","https:\/\/www.instagram.com\/morosicristiansoliva\/?hl=es"]},{"@type":"Person","@id":"https:\/\/olivamorosicristians.es\/#\/schema\/person\/21ece052d8816103cad91a2676fd0149","name":"Webmaster","image":{"@type":"ImageObject","inLanguage":"es","@id":"https:\/\/secure.gravatar.com\/avatar\/18de20f14d74abe0c800b423a8b0e24cae6153cb6baeb2c2df80e1cef2117e0d?s=96&d=mm&r=g","url":"https:\/\/secure.gravatar.com\/avatar\/18de20f14d74abe0c800b423a8b0e24cae6153cb6baeb2c2df80e1cef2117e0d?s=96&d=mm&r=g","contentUrl":"https:\/\/secure.gravatar.com\/avatar\/18de20f14d74abe0c800b423a8b0e24cae6153cb6baeb2c2df80e1cef2117e0d?s=96&d=mm&r=g","caption":"Webmaster"},"sameAs":["https:\/\/www.facebook.com\/federaciodemorosicristiansdoliva","https:\/\/www.instagram.com\/morosicristiansoliva\/"]}]}},"jetpack_publicize_connections":[],"jetpack_featured_media_url":"https:\/\/i0.wp.com\/olivamorosicristians.es\/wp-content\/uploads\/2020\/07\/Youtube-e1594554142641.png?fit=1327%2C680&ssl=1","jetpack_sharing_enabled":true,"jetpack_shortlink":"https:\/\/wp.me\/pagEx6-2Ch","jetpack-related-posts":[],"_links":{"self":[{"href":"https:\/\/olivamorosicristians.es\/es\/wp-json\/wp\/v2\/posts\/10061","targetHints":{"allow":["GET"]}}],"collection":[{"href":"https:\/\/olivamorosicristians.es\/es\/wp-json\/wp\/v2\/posts"}],"about":[{"href":"https:\/\/olivamorosicristians.es\/es\/wp-json\/wp\/v2\/types\/post"}],"author":[{"embeddable":true,"href":"https:\/\/olivamorosicristians.es\/es\/wp-json\/wp\/v2\/users\/1"}],"replies":[{"embeddable":true,"href":"https:\/\/olivamorosicristians.es\/es\/wp-json\/wp\/v2\/comments?post=10061"}],"version-history":[{"count":10,"href":"https:\/\/olivamorosicristians.es\/es\/wp-json\/wp\/v2\/posts\/10061\/revisions"}],"predecessor-version":[{"id":10079,"href":"https:\/\/olivamorosicristians.es\/es\/wp-json\/wp\/v2\/posts\/10061\/revisions\/10079"}],"wp:featuredmedia":[{"embeddable":true,"href":"https:\/\/olivamorosicristians.es\/es\/wp-json\/wp\/v2\/media\/10063"}],"wp:attachment":[{"href":"https:\/\/olivamorosicristians.es\/es\/wp-json\/wp\/v2\/media?parent=10061"}],"wp:term":[{"taxonomy":"category","embeddable":true,"href":"https:\/\/olivamorosicristians.es\/es\/wp-json\/wp\/v2\/categories?post=10061"},{"taxonomy":"post_tag","embeddable":true,"href":"https:\/\/olivamorosicristians.es\/es\/wp-json\/wp\/v2\/tags?post=10061"}],"curies":[{"name":"wp","href":"https:\/\/api.w.org\/{rel}","templated":true}]}}